{"id":314881,"date":"2025-02-03T11:23:16","date_gmt":"2025-02-03T08:23:16","guid":{"rendered":"https:\/\/sana.sy\/tr\/?p=314881"},"modified":"2025-02-03T11:50:04","modified_gmt":"2025-02-03T08:50:04","slug":"halepin-dogusundaki-munbicte-bombali-aracin-patlamasi-sonucu-15-kisi-sehit-dustu-15-kisi-de-yaralandi","status":"publish","type":"post","link":"https:\/\/archive.sana.sy\/tr\/?p=314881","title":{"rendered":"Halep&#8217;in Do\u011fusundaki Menbi\u00e7&#8217;te Bombal\u0131 Arac\u0131n Patlamas\u0131 Sonucu 15 Ki\u015fi \u015eehit D\u00fc\u015ft\u00fc, 15 Ki\u015fi De Yaraland\u0131"},"content":{"rendered":"<p style=\"text-align: justify;\"><strong>HALEP (SANA) \u2013<\/strong> Halep&#8217;in do\u011fu k\u0131rsal\u0131ndaki Menbi\u00e7 kentinin eteklerinde bomba y\u00fckl\u00fc arac\u0131n patlamas\u0131 sonucu 15 ki\u015fi \u015fehit oldu, 15 ki\u015fi de yaraland\u0131.<\/p>\n<p style=\"text-align: justify;\">Suriye Sivil Savunmas\u0131, Telegram kanal\u0131ndaki payla\u015f\u0131m\u0131nda: Halep&#8217;in do\u011fu k\u0131rsal\u0131ndaki Menbi\u00e7 kentinin eteklerinde ana yol \u00fczerinde tar\u0131m i\u015f\u00e7ilerini ta\u015f\u0131yan bir arac\u0131n yak\u0131n\u0131nda bomba y\u00fckl\u00fc arac\u0131n patlad\u0131\u011f\u0131n\u0131 Korkun\u00e7 katliam\u0131n ilk sonu\u00e7lar\u0131na g\u00f6re 14 ki\u015fi \u015fehit d\u00fc\u015ft\u00fc\u011f\u00fcn\u00fc, bir k\u0131sm\u0131 a\u011f\u0131r olmak \u00fczere 15 ki\u015fi de yaraland\u0131\u011f\u0131n\u0131 a\u00e7\u0131klad\u0131.<\/p>\n","protected":false},"excerpt":{"rendered":"<p>HALEP (SANA) \u2013 Halep&#8217;in do\u011fu k\u0131rsal\u0131ndaki Menbi\u00e7 kentinin eteklerinde bomba y\u00fckl\u00fc arac\u0131n patlamas\u0131 sonucu 15 ki\u015fi \u015fehit oldu, 15 ki\u015fi de yaraland\u0131. Suriye Sivil Savunmas\u0131, Telegram kanal\u0131ndaki payla\u015f\u0131m\u0131nda: Halep&#8217;in do\u011fu k\u0131rsal\u0131ndaki Menbi\u00e7 kentinin eteklerinde ana yol \u00fczerinde tar\u0131m i\u015f\u00e7ilerini ta\u015f\u0131yan bir arac\u0131n yak\u0131n\u0131nda bomba y\u00fckl\u00fc arac\u0131n patlad\u0131\u011f\u0131n\u0131 Korkun\u00e7 katliam\u0131n ilk sonu\u00e7lar\u0131na g\u00f6re 14 ki\u015fi \u015fehit &hellip;<\/p>\n","protected":false},"author":39,"featured_media":314882,"comment_status":"closed","ping_status":"closed","sticky":false,"template":"","format":"standard","meta":{"footnotes":""},"categories":[589,479,17988,478],"tags":[],"class_list":["post-314881","post","type-post","status-publish","format-standard","has-post-thumbnail","","category-haber-seridi","category-haberler-yerel","category-son-haberler","category-yerel"],"_links":{"self":[{"href":"https:\/\/archive.sana.sy\/tr\/index.php?rest_route=\/wp\/v2\/posts\/314881","targetHints":{"allow":["GET"]}}],"collection":[{"href":"https:\/\/archive.sana.sy\/tr\/index.php?rest_route=\/wp\/v2\/posts"}],"about":[{"href":"https:\/\/archive.sana.sy\/tr\/index.php?rest_route=\/wp\/v2\/types\/post"}],"author":[{"embeddable":true,"href":"https:\/\/archive.sana.sy\/tr\/index.php?rest_route=\/wp\/v2\/users\/39"}],"replies":[{"embeddable":true,"href":"https:\/\/archive.sana.sy\/tr\/index.php?rest_route=%2Fwp%2Fv2%2Fcomments&post=314881"}],"version-history":[{"count":3,"href":"https:\/\/archive.sana.sy\/tr\/index.php?rest_route=\/wp\/v2\/posts\/314881\/revisions"}],"predecessor-version":[{"id":314888,"href":"https:\/\/archive.sana.sy\/tr\/index.php?rest_route=\/wp\/v2\/posts\/314881\/revisions\/314888"}],"wp:featuredmedia":[{"embeddable":true,"href":"https:\/\/archive.sana.sy\/tr\/index.php?rest_route=\/wp\/v2\/media\/314882"}],"wp:attachment":[{"href":"https:\/\/archive.sana.sy\/tr\/index.php?rest_route=%2Fwp%2Fv2%2Fmedia&parent=314881"}],"wp:term":[{"taxonomy":"category","embeddable":true,"href":"https:\/\/archive.sana.sy\/tr\/index.php?rest_route=%2Fwp%2Fv2%2Fcategories&post=314881"},{"taxonomy":"post_tag","embeddable":true,"href":"https:\/\/archive.sana.sy\/tr\/index.php?rest_route=%2Fwp%2Fv2%2Ftags&post=314881"}],"curies":[{"name":"wp","href":"https:\/\/api.w.org\/{rel}","templated":true}]}}