{"id":314889,"date":"2025-02-03T07:50:39","date_gmt":"2025-02-03T04:50:39","guid":{"rendered":"https:\/\/sana.sy\/tr\/?p=314889"},"modified":"2025-02-03T14:38:34","modified_gmt":"2025-02-03T11:38:34","slug":"ekonomi-bakani-samda-italya-buyukelcisi-ile-gorustu","status":"publish","type":"post","link":"https:\/\/archive.sana.sy\/tr\/?p=314889","title":{"rendered":"Ekonomi Bakan\u0131 \u015eam&#8217;da \u0130talya B\u00fcy\u00fckel\u00e7isi \u0130le G\u00f6r\u00fc\u015ft\u00fc"},"content":{"rendered":"<p style=\"text-align: justify;\"><strong><span style=\"color: #800000;\">\u015eAM (SANA)<\/span> \u2013<\/strong> Ekonomi ve D\u0131\u015f Ticaret Bakan\u0131 Basil Abdel Hanan, iki \u00fclkeyi ilgilendiren baz\u0131 yat\u0131r\u0131m konular\u0131n\u0131 g\u00f6r\u00fc\u015fmek, ortak \u00e7\u0131karlara hizmet edecek koordinasyon ve i\u015f birli\u011fini art\u0131rmak amac\u0131yla \u0130talya&#8217;n\u0131n \u015eam B\u00fcy\u00fckel\u00e7isi ile bir araya geldi.<\/p>\n","protected":false},"excerpt":{"rendered":"<p>\u015eAM (SANA) \u2013 Ekonomi ve D\u0131\u015f Ticaret Bakan\u0131 Basil Abdel Hanan, iki \u00fclkeyi ilgilendiren baz\u0131 yat\u0131r\u0131m konular\u0131n\u0131 g\u00f6r\u00fc\u015fmek, ortak \u00e7\u0131karlara hizmet edecek koordinasyon ve i\u015f birli\u011fini art\u0131rmak amac\u0131yla \u0130talya&#8217;n\u0131n \u015eam B\u00fcy\u00fckel\u00e7isi ile bir araya geldi.<\/p>\n","protected":false},"author":39,"featured_media":314890,"comment_status":"closed","ping_status":"closed","sticky":false,"template":"","format":"standard","meta":{"footnotes":""},"categories":[485,589,486,479,17988,478],"tags":[],"class_list":["post-314889","post","type-post","status-publish","format-standard","has-post-thumbnail","","category-is-ve-sermaye","category-haber-seridi","category-haberler-is-ve-sermaye","category-haberler-yerel","category-son-haberler","category-yerel"],"_links":{"self":[{"href":"https:\/\/archive.sana.sy\/tr\/index.php?rest_route=\/wp\/v2\/posts\/314889","targetHints":{"allow":["GET"]}}],"collection":[{"href":"https:\/\/archive.sana.sy\/tr\/index.php?rest_route=\/wp\/v2\/posts"}],"about":[{"href":"https:\/\/archive.sana.sy\/tr\/index.php?rest_route=\/wp\/v2\/types\/post"}],"author":[{"embeddable":true,"href":"https:\/\/archive.sana.sy\/tr\/index.php?rest_route=\/wp\/v2\/users\/39"}],"replies":[{"embeddable":true,"href":"https:\/\/archive.sana.sy\/tr\/index.php?rest_route=%2Fwp%2Fv2%2Fcomments&post=314889"}],"version-history":[{"count":2,"href":"https:\/\/archive.sana.sy\/tr\/index.php?rest_route=\/wp\/v2\/posts\/314889\/revisions"}],"predecessor-version":[{"id":314906,"href":"https:\/\/archive.sana.sy\/tr\/index.php?rest_route=\/wp\/v2\/posts\/314889\/revisions\/314906"}],"wp:featuredmedia":[{"embeddable":true,"href":"https:\/\/archive.sana.sy\/tr\/index.php?rest_route=\/wp\/v2\/media\/314890"}],"wp:attachment":[{"href":"https:\/\/archive.sana.sy\/tr\/index.php?rest_route=%2Fwp%2Fv2%2Fmedia&parent=314889"}],"wp:term":[{"taxonomy":"category","embeddable":true,"href":"https:\/\/archive.sana.sy\/tr\/index.php?rest_route=%2Fwp%2Fv2%2Fcategories&post=314889"},{"taxonomy":"post_tag","embeddable":true,"href":"https:\/\/archive.sana.sy\/tr\/index.php?rest_route=%2Fwp%2Fv2%2Ftags&post=314889"}],"curies":[{"name":"wp","href":"https:\/\/api.w.org\/{rel}","templated":true}]}}