{"id":314892,"date":"2025-02-03T11:54:54","date_gmt":"2025-02-03T08:54:54","guid":{"rendered":"https:\/\/sana.sy\/tr\/?p=314892"},"modified":"2025-02-04T18:23:15","modified_gmt":"2025-02-04T15:23:15","slug":"cumhurbaskani-el-sara-kral-halid-uluslararasi-havalimanindan-suudi-arabistan-kralligindan-ayrildi","status":"publish","type":"post","link":"https:\/\/archive.sana.sy\/tr\/?p=314892","title":{"rendered":"Cumhurba\u015fkan\u0131 El \u015eara, Riyad&#8217;daki Kral Halid Uluslararas\u0131 Havaliman\u0131&#8217;ndan Ayr\u0131ld\u0131"},"content":{"rendered":"<p style=\"text-align: justify;\"><span style=\"color: #800000;\"><strong>R\u0130YAD (SANA)<\/strong> <\/span>\u2013 Say\u0131n Cumhurba\u015fkan\u0131 Ahmed El \u015eara, beraberindeki heyetle birlikte Riyad&#8217;daki Kral\u0131 Halid Uluslararas\u0131 Havaliman\u0131&#8217;ndan ayr\u0131l\u0131rken, Riyad B\u00f6lgesi Emiri Faysal bin Bender bin Abd\u00fclaziz taraf\u0131ndan u\u011furland\u0131.<\/p>\n","protected":false},"excerpt":{"rendered":"<p>R\u0130YAD (SANA) \u2013 Say\u0131n Cumhurba\u015fkan\u0131 Ahmed El \u015eara, beraberindeki heyetle birlikte Riyad&#8217;daki Kral\u0131 Halid Uluslararas\u0131 Havaliman\u0131&#8217;ndan ayr\u0131l\u0131rken, Riyad B\u00f6lgesi Emiri Faysal bin Bender bin Abd\u00fclaziz taraf\u0131ndan u\u011furland\u0131.<\/p>\n","protected":false},"author":39,"featured_media":314893,"comment_status":"closed","ping_status":"closed","sticky":false,"template":"","format":"standard","meta":{"footnotes":""},"categories":[458,589,459,605,17988],"tags":[],"class_list":["post-314892","post","type-post","status-publish","format-standard","has-post-thumbnail","","category-dunya1","category-haber-seridi","category-haberler-arap-uluslararasi-politika","category-sayin-cumhurbaskani","category-son-haberler"],"_links":{"self":[{"href":"https:\/\/archive.sana.sy\/tr\/index.php?rest_route=\/wp\/v2\/posts\/314892","targetHints":{"allow":["GET"]}}],"collection":[{"href":"https:\/\/archive.sana.sy\/tr\/index.php?rest_route=\/wp\/v2\/posts"}],"about":[{"href":"https:\/\/archive.sana.sy\/tr\/index.php?rest_route=\/wp\/v2\/types\/post"}],"author":[{"embeddable":true,"href":"https:\/\/archive.sana.sy\/tr\/index.php?rest_route=\/wp\/v2\/users\/39"}],"replies":[{"embeddable":true,"href":"https:\/\/archive.sana.sy\/tr\/index.php?rest_route=%2Fwp%2Fv2%2Fcomments&post=314892"}],"version-history":[{"count":3,"href":"https:\/\/archive.sana.sy\/tr\/index.php?rest_route=\/wp\/v2\/posts\/314892\/revisions"}],"predecessor-version":[{"id":314917,"href":"https:\/\/archive.sana.sy\/tr\/index.php?rest_route=\/wp\/v2\/posts\/314892\/revisions\/314917"}],"wp:featuredmedia":[{"embeddable":true,"href":"https:\/\/archive.sana.sy\/tr\/index.php?rest_route=\/wp\/v2\/media\/314893"}],"wp:attachment":[{"href":"https:\/\/archive.sana.sy\/tr\/index.php?rest_route=%2Fwp%2Fv2%2Fmedia&parent=314892"}],"wp:term":[{"taxonomy":"category","embeddable":true,"href":"https:\/\/archive.sana.sy\/tr\/index.php?rest_route=%2Fwp%2Fv2%2Fcategories&post=314892"},{"taxonomy":"post_tag","embeddable":true,"href":"https:\/\/archive.sana.sy\/tr\/index.php?rest_route=%2Fwp%2Fv2%2Ftags&post=314892"}],"curies":[{"name":"wp","href":"https:\/\/api.w.org\/{rel}","templated":true}]}}