{"id":314899,"date":"2025-02-03T13:06:59","date_gmt":"2025-02-03T10:06:59","guid":{"rendered":"https:\/\/sana.sy\/tr\/?p=314899"},"modified":"2025-02-05T14:53:34","modified_gmt":"2025-02-05T11:53:34","slug":"cumhurbaskani-el-sara-ve-disisleri-bakani-el-seybani-umre-icin-mekkeye-geldi","status":"publish","type":"post","link":"https:\/\/archive.sana.sy\/tr\/?p=314899","title":{"rendered":"Cumhurba\u015fkan\u0131 El \u015eara ve D\u0131\u015fi\u015fleri Bakan\u0131 El \u015eeybani Umre \u0130\u00e7in Mekke&#8217;ye Geldi"},"content":{"rendered":"<p style=\"text-align: justify;\"><span style=\"color: #800000;\"><strong>R\u0130YAD (SANA) \u2013<\/strong><\/span> Cumhurba\u015fkan\u0131 Ahmed El \u015eara ve D\u0131\u015fi\u015fleri Bakan\u0131 Asaad El \u015eeybani, Cidde&#8217;ye ula\u015ft\u0131ktan sonra Umre ibadetlerini yerine getirmek i\u00e7in Mekke&#8217;ye ge\u00e7ti.<\/p>\n<p style=\"text-align: justify;\">Kral Abdulaziz Havaliman\u0131&#8217;nda Mekke B\u00f6lgesi Emir Yard\u0131mc\u0131s\u0131 Prens Suud bin Mi\u015faal Al Suud taraf\u0131ndan kar\u015f\u0131land\u0131.<\/p>\n<div id='gallery-1' class='gallery galleryid-314899 gallery-columns-1 gallery-size-full'><figure class='gallery-item'>\n\t\t\t<div class='gallery-icon landscape'>\n\t\t\t\t<a href='https:\/\/archive.sana.sy\/tr\/wp-content\/uploads\/2025\/02\/photo_2025-02-03_13-02-47-1.jpg'><img loading=\"lazy\" decoding=\"async\" width=\"1280\" height=\"718\" src=\"https:\/\/archive.sana.sy\/tr\/wp-content\/uploads\/2025\/02\/photo_2025-02-03_13-02-47-1.jpg\" class=\"attachment-full size-full\" alt=\"\" srcset=\"https:\/\/archive.sana.sy\/tr\/wp-content\/uploads\/2025\/02\/photo_2025-02-03_13-02-47-1.jpg 1280w, https:\/\/archive.sana.sy\/tr\/wp-content\/uploads\/2025\/02\/photo_2025-02-03_13-02-47-1-300x168.jpg 300w, https:\/\/archive.sana.sy\/tr\/wp-content\/uploads\/2025\/02\/photo_2025-02-03_13-02-47-1-1024x574.jpg 1024w, https:\/\/archive.sana.sy\/tr\/wp-content\/uploads\/2025\/02\/photo_2025-02-03_13-02-47-1-768x431.jpg 768w\" sizes=\"auto, (max-width: 1280px) 100vw, 1280px\" \/><\/a>\n\t\t\t<\/div><\/figure><figure class='gallery-item'>\n\t\t\t<div class='gallery-icon landscape'>\n\t\t\t\t<a href='https:\/\/archive.sana.sy\/tr\/wp-content\/uploads\/2025\/02\/photo_2025-02-03_13-02-49-1.jpg'><img loading=\"lazy\" decoding=\"async\" width=\"1280\" height=\"718\" src=\"https:\/\/archive.sana.sy\/tr\/wp-content\/uploads\/2025\/02\/photo_2025-02-03_13-02-49-1.jpg\" class=\"attachment-full size-full\" alt=\"\" srcset=\"https:\/\/archive.sana.sy\/tr\/wp-content\/uploads\/2025\/02\/photo_2025-02-03_13-02-49-1.jpg 1280w, https:\/\/archive.sana.sy\/tr\/wp-content\/uploads\/2025\/02\/photo_2025-02-03_13-02-49-1-300x168.jpg 300w, https:\/\/archive.sana.sy\/tr\/wp-content\/uploads\/2025\/02\/photo_2025-02-03_13-02-49-1-1024x574.jpg 1024w, https:\/\/archive.sana.sy\/tr\/wp-content\/uploads\/2025\/02\/photo_2025-02-03_13-02-49-1-768x431.jpg 768w\" sizes=\"auto, (max-width: 1280px) 100vw, 1280px\" \/><\/a>\n\t\t\t<\/div><\/figure>\n\t\t<\/div>\n\n","protected":false},"excerpt":{"rendered":"<p>R\u0130YAD (SANA) \u2013 Cumhurba\u015fkan\u0131 Ahmed El \u015eara ve D\u0131\u015fi\u015fleri Bakan\u0131 Asaad El \u015eeybani, Cidde&#8217;ye ula\u015ft\u0131ktan sonra Umre ibadetlerini yerine getirmek i\u00e7in Mekke&#8217;ye ge\u00e7ti. Kral Abdulaziz Havaliman\u0131&#8217;nda Mekke B\u00f6lgesi Emir Yard\u0131mc\u0131s\u0131 Prens Suud bin Mi\u015faal Al Suud taraf\u0131ndan kar\u015f\u0131land\u0131.<\/p>\n","protected":false},"author":39,"featured_media":314900,"comment_status":"closed","ping_status":"closed","sticky":false,"template":"","format":"standard","meta":{"footnotes":""},"categories":[458,589,459,17988],"tags":[],"class_list":["post-314899","post","type-post","status-publish","format-standard","has-post-thumbnail","","category-dunya1","category-haber-seridi","category-haberler-arap-uluslararasi-politika","category-son-haberler"],"_links":{"self":[{"href":"https:\/\/archive.sana.sy\/tr\/index.php?rest_route=\/wp\/v2\/posts\/314899","targetHints":{"allow":["GET"]}}],"collection":[{"href":"https:\/\/archive.sana.sy\/tr\/index.php?rest_route=\/wp\/v2\/posts"}],"about":[{"href":"https:\/\/archive.sana.sy\/tr\/index.php?rest_route=\/wp\/v2\/types\/post"}],"author":[{"embeddable":true,"href":"https:\/\/archive.sana.sy\/tr\/index.php?rest_route=\/wp\/v2\/users\/39"}],"replies":[{"embeddable":true,"href":"https:\/\/archive.sana.sy\/tr\/index.php?rest_route=%2Fwp%2Fv2%2Fcomments&post=314899"}],"version-history":[{"count":2,"href":"https:\/\/archive.sana.sy\/tr\/index.php?rest_route=\/wp\/v2\/posts\/314899\/revisions"}],"predecessor-version":[{"id":314929,"href":"https:\/\/archive.sana.sy\/tr\/index.php?rest_route=\/wp\/v2\/posts\/314899\/revisions\/314929"}],"wp:featuredmedia":[{"embeddable":true,"href":"https:\/\/archive.sana.sy\/tr\/index.php?rest_route=\/wp\/v2\/media\/314900"}],"wp:attachment":[{"href":"https:\/\/archive.sana.sy\/tr\/index.php?rest_route=%2Fwp%2Fv2%2Fmedia&parent=314899"}],"wp:term":[{"taxonomy":"category","embeddable":true,"href":"https:\/\/archive.sana.sy\/tr\/index.php?rest_route=%2Fwp%2Fv2%2Fcategories&post=314899"},{"taxonomy":"post_tag","embeddable":true,"href":"https:\/\/archive.sana.sy\/tr\/index.php?rest_route=%2Fwp%2Fv2%2Ftags&post=314899"}],"curies":[{"name":"wp","href":"https:\/\/api.w.org\/{rel}","templated":true}]}}