{"id":314910,"date":"2025-02-03T15:21:58","date_gmt":"2025-02-03T12:21:58","guid":{"rendered":"https:\/\/sana.sy\/tr\/?p=314910"},"modified":"2025-02-05T14:53:05","modified_gmt":"2025-02-05T11:53:05","slug":"pakistan-basbakani-cumhurbaskani-el-sarayi-cumhurbaskanligini-ustlenmesinden-dolayi-tebrik-etti","status":"publish","type":"post","link":"https:\/\/archive.sana.sy\/tr\/?p=314910","title":{"rendered":"Pakistan Ba\u015fbakan\u0131, Cumhurba\u015fkan\u0131 El \u015eara&#8217;y\u0131 Cumhurba\u015fkanl\u0131\u011f\u0131n\u0131 \u00dcstlenmesinden Dolay\u0131 Tebrik Etti"},"content":{"rendered":"<p style=\"text-align: justify;\"><span style=\"color: #800000;\"><strong>\u015eAM (SANA)<\/strong> <\/span>&#8211; \u00a0Pakistan Ba\u015fbakan\u0131 Muhammed \u015eahbaz \u015eerif, Suriye Arap Cumhuriyeti Cumhurba\u015fkan\u0131 Say\u0131n Ahmed El \u015eara&#8217;n\u0131n cumhurba\u015fkanl\u0131\u011f\u0131 g\u00f6revini \u00fcstlenmesi dolay\u0131s\u0131yla tebrikte bulundu.<\/p>\n<p style=\"text-align: justify;\">Pakistan Ba\u015fbakan\u0131 ayr\u0131ca, yeni y\u00f6netimin karde\u015f Suriye halk\u0131 i\u00e7in bar\u0131\u015f, ilerleme ve refah\u0131 sa\u011flayabilece\u011fi y\u00f6n\u00fcndeki umudunu dile getirdi.<\/p>\n","protected":false},"excerpt":{"rendered":"<p>\u015eAM (SANA) &#8211; \u00a0Pakistan Ba\u015fbakan\u0131 Muhammed \u015eahbaz \u015eerif, Suriye Arap Cumhuriyeti Cumhurba\u015fkan\u0131 Say\u0131n Ahmed El \u015eara&#8217;n\u0131n cumhurba\u015fkanl\u0131\u011f\u0131 g\u00f6revini \u00fcstlenmesi dolay\u0131s\u0131yla tebrikte bulundu. Pakistan Ba\u015fbakan\u0131 ayr\u0131ca, yeni y\u00f6netimin karde\u015f Suriye halk\u0131 i\u00e7in bar\u0131\u015f, ilerleme ve refah\u0131 sa\u011flayabilece\u011fi y\u00f6n\u00fcndeki umudunu dile getirdi.<\/p>\n","protected":false},"author":41,"featured_media":314911,"comment_status":"closed","ping_status":"closed","sticky":false,"template":"","format":"standard","meta":{"footnotes":""},"categories":[589,605,17988,613],"tags":[43283,43282],"class_list":["post-314910","post","type-post","status-publish","format-standard","has-post-thumbnail","","category-haber-seridi","category-sayin-cumhurbaskani","category-son-haberler","category-telgraflar","tag-cumhurbaskani-el-sarayi-cumhurbaskanligini-ustlenmesinden-dolayi-tebrik-etti","tag-pakistan-basbakani"],"_links":{"self":[{"href":"https:\/\/archive.sana.sy\/tr\/index.php?rest_route=\/wp\/v2\/posts\/314910","targetHints":{"allow":["GET"]}}],"collection":[{"href":"https:\/\/archive.sana.sy\/tr\/index.php?rest_route=\/wp\/v2\/posts"}],"about":[{"href":"https:\/\/archive.sana.sy\/tr\/index.php?rest_route=\/wp\/v2\/types\/post"}],"author":[{"embeddable":true,"href":"https:\/\/archive.sana.sy\/tr\/index.php?rest_route=\/wp\/v2\/users\/41"}],"replies":[{"embeddable":true,"href":"https:\/\/archive.sana.sy\/tr\/index.php?rest_route=%2Fwp%2Fv2%2Fcomments&post=314910"}],"version-history":[{"count":1,"href":"https:\/\/archive.sana.sy\/tr\/index.php?rest_route=\/wp\/v2\/posts\/314910\/revisions"}],"predecessor-version":[{"id":314912,"href":"https:\/\/archive.sana.sy\/tr\/index.php?rest_route=\/wp\/v2\/posts\/314910\/revisions\/314912"}],"wp:featuredmedia":[{"embeddable":true,"href":"https:\/\/archive.sana.sy\/tr\/index.php?rest_route=\/wp\/v2\/media\/314911"}],"wp:attachment":[{"href":"https:\/\/archive.sana.sy\/tr\/index.php?rest_route=%2Fwp%2Fv2%2Fmedia&parent=314910"}],"wp:term":[{"taxonomy":"category","embeddable":true,"href":"https:\/\/archive.sana.sy\/tr\/index.php?rest_route=%2Fwp%2Fv2%2Fcategories&post=314910"},{"taxonomy":"post_tag","embeddable":true,"href":"https:\/\/archive.sana.sy\/tr\/index.php?rest_route=%2Fwp%2Fv2%2Ftags&post=314910"}],"curies":[{"name":"wp","href":"https:\/\/api.w.org\/{rel}","templated":true}]}}