{"id":314913,"date":"2025-02-03T11:28:50","date_gmt":"2025-02-03T08:28:50","guid":{"rendered":"https:\/\/sana.sy\/tr\/?p=314913"},"modified":"2025-02-03T17:39:54","modified_gmt":"2025-02-03T14:39:54","slug":"deyrizor-kamu-guvenligi-dairesi-sehirde-devrik-rejimin-kalintilarini-hedef-alan-bir-guvenlik-operasyonu-duzenlendi","status":"publish","type":"post","link":"https:\/\/archive.sana.sy\/tr\/?p=314913","title":{"rendered":"Deyrizor Kamu G\u00fcvenli\u011fi Dairesi: \u015eehirde, Devrik Rejimin Kal\u0131nt\u0131lar\u0131n\u0131 Hedef Alan Bir G\u00fcvenlik Operasyonu D\u00fczenlendi"},"content":{"rendered":"<p style=\"text-align: justify;\"><span style=\"color: #800000;\"><strong>DEYR\u0130ZOR (SANA)<\/strong> <\/span>\u2013\u00a0 Kamu g\u00fczenli\u011fi birlikleri bug\u00fcn Deyrizor kentinde eski rejim kal\u0131nt\u0131lar\u0131n\u0131n yan\u0131 s\u0131ra baz\u0131 kanun ka\u00e7aklar\u0131 ve uyu\u015fturucu sat\u0131c\u0131lar\u0131n\u0131 hedef alan bir g\u00fcvenlik operasyonu ger\u00e7ekle\u015ftirdi.<\/p>\n<p style=\"text-align: justify;\">Deyrizor Valili\u011fi Kamu G\u00fcvenli\u011fi Dairesi M\u00fcd\u00fcr\u00fc SANA&#8217;ya yapt\u0131\u011f\u0131 a\u00f6\u0131klamada \u015f\u0131nlar\u0131 s\u00f6ayledi: \u2018\u2019Kamu G\u00fcvenli\u011fi birimlerimiz bug\u00fcn Deyrizor kentinde, devrik rejimin kal\u0131nt\u0131lar\u0131n\u0131n yan\u0131 s\u0131ra baz\u0131 kanun ka\u00e7aklar\u0131 ve uyu\u015fturucu sat\u0131c\u0131lar\u0131n\u0131 hedef alan bir g\u00fcvenlik operasyonu ger\u00e7ekle\u015ftirdi.\u20192<\/p>\n<p style=\"text-align: justify;\">Kamu G\u00fcvenli\u011fi m\u00fcd\u00fcr\u00fc ayr\u0131ca, \u2018\u2019Operasyon sonucunda \u00e7ok say\u0131da ki\u015fi tutukland\u0131 ve ellerindeki sava\u015f silahlar\u0131na el konuldu. Soru\u015fturma makam\u0131na g\u00f6nderilecek ve ard\u0131ndan haklar\u0131nda yasal i\u015flem yap\u0131lmak \u00fczere yetkili yarg\u0131ya sevk edilecekler\u2019\u2019 ifadelerini kulland\u0131.<\/p>\n<p style=\"text-align: justify;\">M\u00fcd\u00fcr a\u00e7\u0131klamas\u0131n\u0131 \u015f\u00f6yle tamamlad\u0131: \u2018\u2019Halk\u0131m\u0131za i\u015fkence yapan su\u00e7lular\u0131n yakalanmas\u0131 amac\u0131yla Deyrizor ilinde g\u00fcvenlik operasyonlar\u0131 devam edecektir. \u0130l halk\u0131na, g\u00fcvenlik ve istikrarlar\u0131n\u0131 bozmaya \u00e7al\u0131\u015fan herkese demir yumrukla kar\u015f\u0131l\u0131k verece\u011fimizin g\u00fcvencesini veriyoruz.\u2019\u2019<\/p>\n","protected":false},"excerpt":{"rendered":"<p>DEYR\u0130ZOR (SANA) \u2013\u00a0 Kamu g\u00fczenli\u011fi birlikleri bug\u00fcn Deyrizor kentinde eski rejim kal\u0131nt\u0131lar\u0131n\u0131n yan\u0131 s\u0131ra baz\u0131 kanun ka\u00e7aklar\u0131 ve uyu\u015fturucu sat\u0131c\u0131lar\u0131n\u0131 hedef alan bir g\u00fcvenlik operasyonu ger\u00e7ekle\u015ftirdi. Deyrizor Valili\u011fi Kamu G\u00fcvenli\u011fi Dairesi M\u00fcd\u00fcr\u00fc SANA&#8217;ya yapt\u0131\u011f\u0131 a\u00f6\u0131klamada \u015f\u0131nlar\u0131 s\u00f6ayledi: \u2018\u2019Kamu G\u00fcvenli\u011fi birimlerimiz bug\u00fcn Deyrizor kentinde, devrik rejimin kal\u0131nt\u0131lar\u0131n\u0131n yan\u0131 s\u0131ra baz\u0131 kanun ka\u00e7aklar\u0131 ve uyu\u015fturucu sat\u0131c\u0131lar\u0131n\u0131 hedef &hellip;<\/p>\n","protected":false},"author":41,"featured_media":314930,"comment_status":"closed","ping_status":"closed","sticky":false,"template":"","format":"standard","meta":{"footnotes":""},"categories":[589,479,17988,478],"tags":[43285,43284],"class_list":["post-314913","post","type-post","status-publish","format-standard","has-post-thumbnail","","category-haber-seridi","category-haberler-yerel","category-son-haberler","category-yerel","tag-devrik-rejimin-kalintilarini-hedef-alan-bir-guvenlik-operasyonu-duzenlendi","tag-deyrizor-kamu-guvenligi-dairesi-sehirde"],"_links":{"self":[{"href":"https:\/\/archive.sana.sy\/tr\/index.php?rest_route=\/wp\/v2\/posts\/314913","targetHints":{"allow":["GET"]}}],"collection":[{"href":"https:\/\/archive.sana.sy\/tr\/index.php?rest_route=\/wp\/v2\/posts"}],"about":[{"href":"https:\/\/archive.sana.sy\/tr\/index.php?rest_route=\/wp\/v2\/types\/post"}],"author":[{"embeddable":true,"href":"https:\/\/archive.sana.sy\/tr\/index.php?rest_route=\/wp\/v2\/users\/41"}],"replies":[{"embeddable":true,"href":"https:\/\/archive.sana.sy\/tr\/index.php?rest_route=%2Fwp%2Fv2%2Fcomments&post=314913"}],"version-history":[{"count":1,"href":"https:\/\/archive.sana.sy\/tr\/index.php?rest_route=\/wp\/v2\/posts\/314913\/revisions"}],"predecessor-version":[{"id":314914,"href":"https:\/\/archive.sana.sy\/tr\/index.php?rest_route=\/wp\/v2\/posts\/314913\/revisions\/314914"}],"wp:featuredmedia":[{"embeddable":true,"href":"https:\/\/archive.sana.sy\/tr\/index.php?rest_route=\/wp\/v2\/media\/314930"}],"wp:attachment":[{"href":"https:\/\/archive.sana.sy\/tr\/index.php?rest_route=%2Fwp%2Fv2%2Fmedia&parent=314913"}],"wp:term":[{"taxonomy":"category","embeddable":true,"href":"https:\/\/archive.sana.sy\/tr\/index.php?rest_route=%2Fwp%2Fv2%2Fcategories&post=314913"},{"taxonomy":"post_tag","embeddable":true,"href":"https:\/\/archive.sana.sy\/tr\/index.php?rest_route=%2Fwp%2Fv2%2Ftags&post=314913"}],"curies":[{"name":"wp","href":"https:\/\/api.w.org\/{rel}","templated":true}]}}