{"id":31492,"date":"2015-04-30T14:00:31","date_gmt":"2015-04-30T11:00:31","guid":{"rendered":"http:\/\/www.sana.sy\/tr\/?p=31492"},"modified":"2015-05-01T16:31:34","modified_gmt":"2015-05-01T13:31:34","slug":"parkta-oynayan-cocuklari-fuzelerle-hedef-aldilar","status":"publish","type":"post","link":"https:\/\/archive.sana.sy\/tr\/?p=31492","title":{"rendered":"Parkta Oynayan \u00c7ocuklar\u0131 F\u00fczelerle Hedef Ald\u0131lar"},"content":{"rendered":"<p>HALEP \u2013 T\u00fcrkiye&#8217;deki rejimin Suriye s\u0131n\u0131rlar\u0131 boyunca \u2018\u0131l\u0131ml\u0131 muhalifler\u2019 yada \u2018Suriyeli devrimciler\u2019 ad\u0131 alt\u0131nda destekledi\u011fi g\u00f6z\u00fc d\u00f6nm\u00fc\u015f az\u0131l\u0131 ter\u00f6r \u00e7eteleri bug\u00fcn Halep Kentinde Kamu Park\u0131n\u0131 f\u00fczelerle hedef ald\u0131lar.<\/p>\n<p>Halep \u0130l Emniyet M\u00fcd\u00fcrl\u00fc\u011f\u00fcnde bir kaynak; Halep Kentinin eski semtlerinde siper alan ter\u00f6r \u00e7etelerin kentin ortalar\u0131nda bulunan genel park\u0131 iki f\u00fczeyle hedef ald\u0131klar\u0131n\u0131 s\u00f6yledi. Kaynak gaddar sald\u0131r\u0131da aralar\u0131nda \u00e7ocuk ve kad\u0131nlar\u0131n bulundu\u011fu 7 vatanda\u015f\u0131n \u015fehit, 35 vatanda\u015f\u0131n da yaraland\u0131\u011f\u0131n\u0131 aktard\u0131. Kaynak yaral\u0131lar\u0131n Razi ve \u00dcniversite hastanelerine kald\u0131r\u0131ld\u0131klar\u0131n\u0131 s\u00f6zlerine ekledi.<\/p>\n<p>A.A. &#8211; M.M.<\/p>\n","protected":false},"excerpt":{"rendered":"<p>HALEP \u2013 T\u00fcrkiye&#8217;deki rejimin Suriye s\u0131n\u0131rlar\u0131 boyunca \u2018\u0131l\u0131ml\u0131 muhalifler\u2019 yada \u2018Suriyeli devrimciler\u2019 ad\u0131 alt\u0131nda destekledi\u011fi g\u00f6z\u00fc d\u00f6nm\u00fc\u015f az\u0131l\u0131 ter\u00f6r \u00e7eteleri bug\u00fcn Halep Kentinde Kamu Park\u0131n\u0131 f\u00fczelerle hedef ald\u0131lar. Halep \u0130l Emniyet M\u00fcd\u00fcrl\u00fc\u011f\u00fcnde bir kaynak; Halep Kentinin eski semtlerinde siper alan ter\u00f6r \u00e7etelerin kentin ortalar\u0131nda bulunan genel park\u0131 iki f\u00fczeyle hedef ald\u0131klar\u0131n\u0131 s\u00f6yledi. Kaynak gaddar sald\u0131r\u0131da &hellip;<\/p>\n","protected":false},"author":1,"featured_media":31493,"comment_status":"closed","ping_status":"closed","sticky":false,"template":"","format":"standard","meta":{"footnotes":""},"categories":[575],"tags":[14203],"class_list":["post-31492","post","type-post","status-publish","format-standard","has-post-thumbnail","","category-olaylar-ve-gercekler","tag-parkta-oynayan-cocuklari-fuzelerle-hedef-aldilar"],"_links":{"self":[{"href":"https:\/\/archive.sana.sy\/tr\/index.php?rest_route=\/wp\/v2\/posts\/31492","targetHints":{"allow":["GET"]}}],"collection":[{"href":"https:\/\/archive.sana.sy\/tr\/index.php?rest_route=\/wp\/v2\/posts"}],"about":[{"href":"https:\/\/archive.sana.sy\/tr\/index.php?rest_route=\/wp\/v2\/types\/post"}],"author":[{"embeddable":true,"href":"https:\/\/archive.sana.sy\/tr\/index.php?rest_route=\/wp\/v2\/users\/1"}],"replies":[{"embeddable":true,"href":"https:\/\/archive.sana.sy\/tr\/index.php?rest_route=%2Fwp%2Fv2%2Fcomments&post=31492"}],"version-history":[{"count":0,"href":"https:\/\/archive.sana.sy\/tr\/index.php?rest_route=\/wp\/v2\/posts\/31492\/revisions"}],"wp:featuredmedia":[{"embeddable":true,"href":"https:\/\/archive.sana.sy\/tr\/index.php?rest_route=\/wp\/v2\/media\/31493"}],"wp:attachment":[{"href":"https:\/\/archive.sana.sy\/tr\/index.php?rest_route=%2Fwp%2Fv2%2Fmedia&parent=31492"}],"wp:term":[{"taxonomy":"category","embeddable":true,"href":"https:\/\/archive.sana.sy\/tr\/index.php?rest_route=%2Fwp%2Fv2%2Fcategories&post=31492"},{"taxonomy":"post_tag","embeddable":true,"href":"https:\/\/archive.sana.sy\/tr\/index.php?rest_route=%2Fwp%2Fv2%2Ftags&post=31492"}],"curies":[{"name":"wp","href":"https:\/\/api.w.org\/{rel}","templated":true}]}}