{"id":314942,"date":"2025-02-04T07:23:18","date_gmt":"2025-02-04T04:23:18","guid":{"rendered":"https:\/\/sana.sy\/tr\/?p=314942"},"modified":"2025-02-04T14:49:56","modified_gmt":"2025-02-04T11:49:56","slug":"suriye-ve-lubnan-evanjelik-cemaati-yuksek-konseyi-baskani-cumhurbaskani-el-sarayi-cumhuriyetin-baskanligini-ustlendigi-icin-tebrik-etti","status":"publish","type":"post","link":"https:\/\/archive.sana.sy\/tr\/?p=314942","title":{"rendered":"Suriye Ve L\u00fcbnan Evanjelik Cemaati Y\u00fcksek Konseyi Ba\u015fkan\u0131, Cumhurba\u015fkan\u0131 El \u015eara\u2019y\u0131 Cumhuriyetin Cumhurba\u015fkanl\u0131\u011f\u0131n\u0131 \u00dcstlendi\u011fi \u0130\u00e7in Tebrik Etti"},"content":{"rendered":"<p style=\"text-align: justify;\"><span style=\"color: #800000;\"><strong>BEYRUT (SANA)<\/strong> <\/span>&#8211; Suriye ve L\u00fcbnan\u2019daki Evanjelik Cemaati Y\u00fcksek Konseyi Ba\u015fkan\u0131 Muhterem Joseph Kassab, Say\u0131n Ahmed El \u015eara\u2019y\u0131 Suriye Arap Cumhuriyeti\u2019nin cumhurba\u015fkanl\u0131\u011f\u0131n\u0131 \u00fcstlendi\u011fi i\u00e7in tebrik etti.<\/p>\n<p style=\"text-align: justify;\">Baba Kassab yapt\u0131\u011f\u0131 a\u00e7\u0131klamada \u015funlar\u0131 s\u00f6yledi: \u201cZul\u00fcm gecesinin sona ermesi ve vatan semalar\u0131nda yeni bir \u015fafa\u011f\u0131n do\u011fmaya ba\u015flamas\u0131n\u0131n ard\u0131ndan, sevgili Suriye tarihinin bu \u00f6nemli a\u015famas\u0131nda, Cumhurba\u015fkanl\u0131\u011f\u0131 g\u00f6revine atanman\u0131z vesilesiyle sizi umut dolu y\u00fcreklerle tebrik ediyoruz\u201d.<\/p>\n<p style=\"text-align: justify;\">Kassab ayr\u0131ca,\u201cSize bu a\u011f\u0131r sorumlulu\u011fu vermek, zorluklardan yorulmu\u015f bir halka \u00f6nderlik etmek i\u00e7in y\u00fcce bir \u00e7a\u011fr\u0131 ve mesajd\u0131r ve art\u0131k onlar\u0131n zulm\u00fcn y\u0131k\u0131nt\u0131lar\u0131ndan \u00e7\u0131k\u0131p adaletle parlayan, \u00f6zg\u00fcrl\u00fckle \u00f6v\u00fcnen ve t\u00fcm halk\u0131n\u0131 kucaklayan bir vatan in\u015fa etmelerinin zaman\u0131d\u0131r\u201d ifadelerini kulland\u0131.<\/p>\n<p style=\"text-align: justify;\">Suriye ve L\u00fcbnan\u2019daki Evanjelik Cemaati Y\u00fcksek Konseyi Ba\u015fkan\u0131 Muhterem Joseph Kassab, \u201cSuriye\u2019nin miras ald\u0131\u011f\u0131 ger\u00e7eklik nedeniyle g\u00fcndeminizdeki \u00f6ncelikler kalabal\u0131kken, ba\u015fkanl\u0131\u011f\u0131n\u0131z\u0131n, \u00fclkenin dar krizlerden istikrar\u0131n enginli\u011fine, ge\u00e7mi\u015fin ac\u0131lar\u0131ndan gelece\u011fin umuduna ge\u00e7ece\u011fi bir k\u00f6pr\u00fc olmas\u0131n\u0131 diliyoruz\u201d &#8216;ifadelerini s\u00f6zlerine ekledi.<\/p>\n<p style=\"text-align: justify;\">\u201cBa\u015fkanl\u0131\u011f\u0131n\u0131z\u0131n, hukukun dengede oldu\u011fu, insan onurunun temel oldu\u011fu, g\u00fcvenlik ve bar\u0131\u015f\u0131n ama\u00e7 ve hedef oldu\u011fu, modern, medeni bir devletin in\u015fas\u0131na giden a\u00e7\u0131k bir kap\u0131 olmas\u0131n\u0131 da diliyoruz\u201d diyen Kassab a\u00e7\u0131klamas\u0131n\u0131 \u015fu ifadelerle tamamdad\u0131: \u201cRabbim \u00fclkemizi rahmetle dolu, adaletin g\u00f6lgeledi\u011fi, bar\u0131\u015fla ta\u00e7land\u0131r\u0131lm\u0131\u015f yeni bir d\u00f6neme g\u00f6t\u00fcrmeyi nasip etsin.\u201d<\/p>\n","protected":false},"excerpt":{"rendered":"<p>BEYRUT (SANA) &#8211; Suriye ve L\u00fcbnan\u2019daki Evanjelik Cemaati Y\u00fcksek Konseyi Ba\u015fkan\u0131 Muhterem Joseph Kassab, Say\u0131n Ahmed El \u015eara\u2019y\u0131 Suriye Arap Cumhuriyeti\u2019nin cumhurba\u015fkanl\u0131\u011f\u0131n\u0131 \u00fcstlendi\u011fi i\u00e7in tebrik etti. Baba Kassab yapt\u0131\u011f\u0131 a\u00e7\u0131klamada \u015funlar\u0131 s\u00f6yledi: \u201cZul\u00fcm gecesinin sona ermesi ve vatan semalar\u0131nda yeni bir \u015fafa\u011f\u0131n do\u011fmaya ba\u015flamas\u0131n\u0131n ard\u0131ndan, sevgili Suriye tarihinin bu \u00f6nemli a\u015famas\u0131nda, Cumhurba\u015fkanl\u0131\u011f\u0131 g\u00f6revine atanman\u0131z vesilesiyle &hellip;<\/p>\n","protected":false},"author":36,"featured_media":314943,"comment_status":"closed","ping_status":"closed","sticky":false,"template":"","format":"standard","meta":{"footnotes":""},"categories":[458,589,459,17988],"tags":[],"class_list":["post-314942","post","type-post","status-publish","format-standard","has-post-thumbnail","","category-dunya1","category-haber-seridi","category-haberler-arap-uluslararasi-politika","category-son-haberler"],"_links":{"self":[{"href":"https:\/\/archive.sana.sy\/tr\/index.php?rest_route=\/wp\/v2\/posts\/314942","targetHints":{"allow":["GET"]}}],"collection":[{"href":"https:\/\/archive.sana.sy\/tr\/index.php?rest_route=\/wp\/v2\/posts"}],"about":[{"href":"https:\/\/archive.sana.sy\/tr\/index.php?rest_route=\/wp\/v2\/types\/post"}],"author":[{"embeddable":true,"href":"https:\/\/archive.sana.sy\/tr\/index.php?rest_route=\/wp\/v2\/users\/36"}],"replies":[{"embeddable":true,"href":"https:\/\/archive.sana.sy\/tr\/index.php?rest_route=%2Fwp%2Fv2%2Fcomments&post=314942"}],"version-history":[{"count":4,"href":"https:\/\/archive.sana.sy\/tr\/index.php?rest_route=\/wp\/v2\/posts\/314942\/revisions"}],"predecessor-version":[{"id":314963,"href":"https:\/\/archive.sana.sy\/tr\/index.php?rest_route=\/wp\/v2\/posts\/314942\/revisions\/314963"}],"wp:featuredmedia":[{"embeddable":true,"href":"https:\/\/archive.sana.sy\/tr\/index.php?rest_route=\/wp\/v2\/media\/314943"}],"wp:attachment":[{"href":"https:\/\/archive.sana.sy\/tr\/index.php?rest_route=%2Fwp%2Fv2%2Fmedia&parent=314942"}],"wp:term":[{"taxonomy":"category","embeddable":true,"href":"https:\/\/archive.sana.sy\/tr\/index.php?rest_route=%2Fwp%2Fv2%2Fcategories&post=314942"},{"taxonomy":"post_tag","embeddable":true,"href":"https:\/\/archive.sana.sy\/tr\/index.php?rest_route=%2Fwp%2Fv2%2Ftags&post=314942"}],"curies":[{"name":"wp","href":"https:\/\/api.w.org\/{rel}","templated":true}]}}