{"id":314945,"date":"2025-02-04T10:08:10","date_gmt":"2025-02-04T07:08:10","guid":{"rendered":"https:\/\/sana.sy\/tr\/?p=314945"},"modified":"2025-02-04T18:36:10","modified_gmt":"2025-02-04T15:36:10","slug":"urdun-menbicteki-teror-saldirisini-kinadi","status":"publish","type":"post","link":"https:\/\/archive.sana.sy\/tr\/?p=314945","title":{"rendered":"\u00dcrd\u00fcn Menbi\u00e7&#8217;teki Ter\u00f6r Sald\u0131r\u0131s\u0131n\u0131 K\u0131nad\u0131"},"content":{"rendered":"<p style=\"text-align: justify;\"><span style=\"color: #800000;\"><strong>UMMAN (SANA)<\/strong> <\/span>&#8211; \u00dcrd\u00fcn, Halep&#8217;in do\u011fu k\u0131rsal\u0131ndaki Menbi\u00e7 kentinde d\u00fcn meydana gelen ve 20 vatanda\u015f\u0131n \u00f6l\u00fcm\u00fcne, baz\u0131lar\u0131n\u0131n da yaralanmas\u0131na yol a\u00e7an ter\u00f6r sald\u0131r\u0131s\u0131n\u0131 en g\u00fc\u00e7l\u00fc ifadelerle k\u0131nad\u0131.<\/p>\n<p style=\"text-align: justify;\">\u00dcrd\u00fcn D\u0131\u015fi\u015fleri Bakanl\u0131\u011f\u0131&#8217;n\u0131n resmi s\u00f6zc\u00fcs\u00fc Dr. Sufyan El Kudat yapt\u0131\u011f\u0131 ve \u00dcrd\u00fcn Haber Ajans\u0131 Petra&#8217;n\u0131n aktard\u0131\u011f\u0131 a\u00e7\u0131klamada, bu ac\u0131 olayda Krall\u0131\u011f\u0131n karde\u015f Suriye Arap Cumhuriyeti h\u00fck\u00fcmeti ve halk\u0131yla tam duru\u015funu ve dayan\u0131\u015fmas\u0131n\u0131 teyit etti ve g\u00fcvenlik ve istikrar\u0131 istikrars\u0131zla\u015ft\u0131rmay\u0131 ama\u00e7layan her t\u00fcrl\u00fc \u015fiddet ve ter\u00f6rizmi reddetti\u011fini belirtti.<\/p>\n<p style=\"text-align: justify;\">El Kudat ayr\u0131ca, karde\u015f Suriye Arap Cumhuriyeti h\u00fck\u00fcmetine, halk\u0131na ve ma\u011fdurlar\u0131n ailelerine i\u00e7ten taziyelerini ileterek, yaral\u0131lara acil \u015fifalar dilediler.<\/p>\n","protected":false},"excerpt":{"rendered":"<p>UMMAN (SANA) &#8211; \u00dcrd\u00fcn, Halep&#8217;in do\u011fu k\u0131rsal\u0131ndaki Menbi\u00e7 kentinde d\u00fcn meydana gelen ve 20 vatanda\u015f\u0131n \u00f6l\u00fcm\u00fcne, baz\u0131lar\u0131n\u0131n da yaralanmas\u0131na yol a\u00e7an ter\u00f6r sald\u0131r\u0131s\u0131n\u0131 en g\u00fc\u00e7l\u00fc ifadelerle k\u0131nad\u0131. \u00dcrd\u00fcn D\u0131\u015fi\u015fleri Bakanl\u0131\u011f\u0131&#8217;n\u0131n resmi s\u00f6zc\u00fcs\u00fc Dr. Sufyan El Kudat yapt\u0131\u011f\u0131 ve \u00dcrd\u00fcn Haber Ajans\u0131 Petra&#8217;n\u0131n aktard\u0131\u011f\u0131 a\u00e7\u0131klamada, bu ac\u0131 olayda Krall\u0131\u011f\u0131n karde\u015f Suriye Arap Cumhuriyeti h\u00fck\u00fcmeti ve halk\u0131yla &hellip;<\/p>\n","protected":false},"author":36,"featured_media":314948,"comment_status":"closed","ping_status":"closed","sticky":false,"template":"","format":"standard","meta":{"footnotes":""},"categories":[458,589,459,17988],"tags":[],"class_list":["post-314945","post","type-post","status-publish","format-standard","has-post-thumbnail","","category-dunya1","category-haber-seridi","category-haberler-arap-uluslararasi-politika","category-son-haberler"],"_links":{"self":[{"href":"https:\/\/archive.sana.sy\/tr\/index.php?rest_route=\/wp\/v2\/posts\/314945","targetHints":{"allow":["GET"]}}],"collection":[{"href":"https:\/\/archive.sana.sy\/tr\/index.php?rest_route=\/wp\/v2\/posts"}],"about":[{"href":"https:\/\/archive.sana.sy\/tr\/index.php?rest_route=\/wp\/v2\/types\/post"}],"author":[{"embeddable":true,"href":"https:\/\/archive.sana.sy\/tr\/index.php?rest_route=\/wp\/v2\/users\/36"}],"replies":[{"embeddable":true,"href":"https:\/\/archive.sana.sy\/tr\/index.php?rest_route=%2Fwp%2Fv2%2Fcomments&post=314945"}],"version-history":[{"count":2,"href":"https:\/\/archive.sana.sy\/tr\/index.php?rest_route=\/wp\/v2\/posts\/314945\/revisions"}],"predecessor-version":[{"id":314978,"href":"https:\/\/archive.sana.sy\/tr\/index.php?rest_route=\/wp\/v2\/posts\/314945\/revisions\/314978"}],"wp:featuredmedia":[{"embeddable":true,"href":"https:\/\/archive.sana.sy\/tr\/index.php?rest_route=\/wp\/v2\/media\/314948"}],"wp:attachment":[{"href":"https:\/\/archive.sana.sy\/tr\/index.php?rest_route=%2Fwp%2Fv2%2Fmedia&parent=314945"}],"wp:term":[{"taxonomy":"category","embeddable":true,"href":"https:\/\/archive.sana.sy\/tr\/index.php?rest_route=%2Fwp%2Fv2%2Fcategories&post=314945"},{"taxonomy":"post_tag","embeddable":true,"href":"https:\/\/archive.sana.sy\/tr\/index.php?rest_route=%2Fwp%2Fv2%2Ftags&post=314945"}],"curies":[{"name":"wp","href":"https:\/\/api.w.org\/{rel}","templated":true}]}}