{"id":314955,"date":"2025-02-04T12:19:14","date_gmt":"2025-02-04T09:19:14","guid":{"rendered":"https:\/\/sana.sy\/tr\/?p=314955"},"modified":"2025-02-04T14:56:14","modified_gmt":"2025-02-04T11:56:14","slug":"pedersen-yeni-suriye-yonetiminin-devleti-birlesik-temellere-gore-insa-etme-guvencesini-memnuniyetle-karsiladi","status":"publish","type":"post","link":"https:\/\/archive.sana.sy\/tr\/?p=314955","title":{"rendered":"Pedersen, Yeni Suriye Y\u00f6netiminin Devleti Birle\u015fik Temellere G\u00f6re \u0130n\u015fa Etme G\u00fcvencesini Memnuniyetle Kar\u015f\u0131lad\u0131"},"content":{"rendered":"<p style=\"text-align: justify;\"><span style=\"color: #800000;\"><strong>NEW YORK (SANA)<\/strong> <\/span>&#8211; Birle\u015fmi\u015f Milletler Suriye \u00d6zel Temsilcisi Geir Pedersen, yeni Suriye y\u00f6netiminin liderli\u011finin, yeni Suriye&#8217;nin t\u00fcm Suriyeliler i\u00e7in olaca\u011f\u0131na ve kapsay\u0131c\u0131 ve g\u00fcvenilir temeller \u00fczerine in\u015fa edilece\u011fine dair a\u00e7\u0131k ve tekrarlanan g\u00fcvencelerini memnuniyetle kar\u015f\u0131lad\u0131.<\/p>\n<p style=\"text-align: justify;\">Birle\u015fmi\u015f Milletler haber sitesi Pedersen&#8217;in bas\u0131n a\u00e7\u0131klamas\u0131nda \u015fu ifadelere yer verdi\u011fini aktard\u0131: &#8220;Suriyelilerin beklentileri, bek\u00e7i otoritelerin y\u00fck\u00fcml\u00fcl\u00fckleri ve 2015 y\u0131l\u0131nda yay\u0131nlanan 2254 say\u0131l\u0131 G\u00fcvenlik Konseyi Karar\u0131&#8217;n\u0131n temel ilkeleri aras\u0131nda ger\u00e7ek bir yak\u0131nla\u015fma g\u00f6rd\u00fc.&#8221;<\/p>\n<p style=\"text-align: justify;\">BM \u00d6zel El\u00e7isi ayr\u0131ca, Suriye liderli\u011findeki ve Suriyelilerin sahip oldu\u011fu ge\u00e7i\u015f s\u00fcreciyle ilgili t\u00fcm ad\u0131mlarda Birle\u015fmi\u015f Milletler ile i\u015fbirli\u011fi ve yak\u0131n isti\u015fare konusunda ald\u0131\u011f\u0131 taahh\u00fctlerden dolay\u0131 takdirini ifade ederken, bunu yapma ve Suriye y\u00f6netimiyle olumlu \u00e7al\u0131\u015fma arzusunu dile getirdi.<\/p>\n<p style=\"text-align: justify;\">Pedersen, bu kritik d\u00f6nemde g\u00f6r\u00fc\u015flerini payla\u015fma f\u0131rsat\u0131 buldu\u011fu t\u00fcm Suriyelilere \u015f\u00fckranlar\u0131n\u0131 sunarak, g\u00f6r\u00fc\u015ft\u00fc\u011f\u00fc t\u00fcm Suriyeliler aras\u0131nda siyasi ge\u00e7i\u015fin ba\u015far\u0131s\u0131n\u0131n \u00f6nemi konusunda ortak bir kanaat bulundu\u011funu ve bunun temel ta\u015f\u0131n\u0131n hepsinin gelece\u011fin \u015fekillendirilmesine tam kat\u0131l\u0131m\u0131 oldu\u011funu da kaydetti.<\/p>\n","protected":false},"excerpt":{"rendered":"<p>NEW YORK (SANA) &#8211; Birle\u015fmi\u015f Milletler Suriye \u00d6zel Temsilcisi Geir Pedersen, yeni Suriye y\u00f6netiminin liderli\u011finin, yeni Suriye&#8217;nin t\u00fcm Suriyeliler i\u00e7in olaca\u011f\u0131na ve kapsay\u0131c\u0131 ve g\u00fcvenilir temeller \u00fczerine in\u015fa edilece\u011fine dair a\u00e7\u0131k ve tekrarlanan g\u00fcvencelerini memnuniyetle kar\u015f\u0131lad\u0131. Birle\u015fmi\u015f Milletler haber sitesi Pedersen&#8217;in bas\u0131n a\u00e7\u0131klamas\u0131nda \u015fu ifadelere yer verdi\u011fini aktard\u0131: &#8220;Suriyelilerin beklentileri, bek\u00e7i otoritelerin y\u00fck\u00fcml\u00fcl\u00fckleri ve 2015 &hellip;<\/p>\n","protected":false},"author":36,"featured_media":314956,"comment_status":"closed","ping_status":"closed","sticky":false,"template":"","format":"standard","meta":{"footnotes":""},"categories":[458,589,459,17988],"tags":[],"class_list":["post-314955","post","type-post","status-publish","format-standard","has-post-thumbnail","","category-dunya1","category-haber-seridi","category-haberler-arap-uluslararasi-politika","category-son-haberler"],"_links":{"self":[{"href":"https:\/\/archive.sana.sy\/tr\/index.php?rest_route=\/wp\/v2\/posts\/314955","targetHints":{"allow":["GET"]}}],"collection":[{"href":"https:\/\/archive.sana.sy\/tr\/index.php?rest_route=\/wp\/v2\/posts"}],"about":[{"href":"https:\/\/archive.sana.sy\/tr\/index.php?rest_route=\/wp\/v2\/types\/post"}],"author":[{"embeddable":true,"href":"https:\/\/archive.sana.sy\/tr\/index.php?rest_route=\/wp\/v2\/users\/36"}],"replies":[{"embeddable":true,"href":"https:\/\/archive.sana.sy\/tr\/index.php?rest_route=%2Fwp%2Fv2%2Fcomments&post=314955"}],"version-history":[{"count":3,"href":"https:\/\/archive.sana.sy\/tr\/index.php?rest_route=\/wp\/v2\/posts\/314955\/revisions"}],"predecessor-version":[{"id":314967,"href":"https:\/\/archive.sana.sy\/tr\/index.php?rest_route=\/wp\/v2\/posts\/314955\/revisions\/314967"}],"wp:featuredmedia":[{"embeddable":true,"href":"https:\/\/archive.sana.sy\/tr\/index.php?rest_route=\/wp\/v2\/media\/314956"}],"wp:attachment":[{"href":"https:\/\/archive.sana.sy\/tr\/index.php?rest_route=%2Fwp%2Fv2%2Fmedia&parent=314955"}],"wp:term":[{"taxonomy":"category","embeddable":true,"href":"https:\/\/archive.sana.sy\/tr\/index.php?rest_route=%2Fwp%2Fv2%2Fcategories&post=314955"},{"taxonomy":"post_tag","embeddable":true,"href":"https:\/\/archive.sana.sy\/tr\/index.php?rest_route=%2Fwp%2Fv2%2Ftags&post=314955"}],"curies":[{"name":"wp","href":"https:\/\/api.w.org\/{rel}","templated":true}]}}