{"id":31496,"date":"2015-04-30T15:58:10","date_gmt":"2015-04-30T12:58:10","guid":{"rendered":"http:\/\/www.sana.sy\/tr\/?p=31496"},"modified":"2015-04-30T15:58:10","modified_gmt":"2015-04-30T12:58:10","slug":"birinci-engellilere-yardim-cemiyetleri-forumu-duzenledi","status":"publish","type":"post","link":"https:\/\/archive.sana.sy\/tr\/?p=31496","title":{"rendered":"Birinci Engellilere Yard\u0131m Cemiyetleri Forumu D\u00fczenledi"},"content":{"rendered":"<p>\u015eAM \u2013 Engellilere yard\u0131m alanlar\u0131nda faaliyet g\u00f6steren cemiyetler Sosyal \u0130\u015fler Bakanl\u0131\u011f\u0131n\u0131n bug\u00fcn \u015eam\u2019da d\u00fczenledi\u011fi forumda kat\u0131l\u0131mc\u0131lar; engellilere yard\u0131m ve hizmetleri nitelik ve nicelik a\u00e7\u0131s\u0131ndan peki\u015ftirme mekanizmalar\u0131n\u0131 tart\u0131\u015ft\u0131.<\/p>\n<p><a href=\"http:\/\/www.sana.sy\/tr\/wp-content\/uploads\/2015\/04\/Birinci-Engellilere-Yard\u0131m-Cemiyetleri-Forumu-D\u00fczenledi-4.jpg\"><img loading=\"lazy\" decoding=\"async\" class=\"alignright wp-image-31501 size-medium\" src=\"http:\/\/www.sana.sy\/tr\/wp-content\/uploads\/2015\/04\/Birinci-Engellilere-Yard\u0131m-Cemiyetleri-Forumu-D\u00fczenledi-4-270x300.jpg\" alt=\"Birinci Engellilere Yard\u0131m Cemiyetleri Forumu D\u00fczenledi 4\" width=\"270\" height=\"300\" srcset=\"https:\/\/archive.sana.sy\/tr\/wp-content\/uploads\/2015\/04\/Birinci-Engellilere-Yard\u0131m-Cemiyetleri-Forumu-D\u00fczenledi-4-270x300.jpg 270w, https:\/\/archive.sana.sy\/tr\/wp-content\/uploads\/2015\/04\/Birinci-Engellilere-Yard\u0131m-Cemiyetleri-Forumu-D\u00fczenledi-4-135x150.jpg 135w, https:\/\/archive.sana.sy\/tr\/wp-content\/uploads\/2015\/04\/Birinci-Engellilere-Yard\u0131m-Cemiyetleri-Forumu-D\u00fczenledi-4.jpg 500w\" sizes=\"auto, (max-width: 270px) 100vw, 270px\" \/><\/a>Sosyal \u0130\u015fler Bakan\u0131 Kinda el \u015eammat forum a\u00e7\u0131l\u0131\u015f\u0131nda yapt\u0131\u011f\u0131 a\u00e7\u0131klamada; toplumsal \u00e7al\u0131\u015fmalarda ilgili devlet kurumlar\u0131 ile sivil toplum faaliyetleri ve cemiyetleri aras\u0131nda i\u015fbirli\u011fi ve koordinasyonu peki\u015ftirmenin \u00f6nemine dikkat \u00e7ekti. \u015eammat engellilere takdim edilen hizmetlerin artt\u0131r\u0131lmas\u0131 ve onlara sosyal esirgeme sa\u011flaman\u0131n mevcut ko\u015fullar dahil her zaman toplumun medeniyetini yans\u0131tt\u0131\u011f\u0131na i\u015faret etti.<\/p>\n<p>Bakan \u015eammat mevcut ko\u015fullarda ter\u00f6r eylemleri nedeniyle vatanda\u015flar\u0131n b\u00f6lgeden b\u00f6lgeye tehcir edilmelerine ilaveten ter\u00f6ristlerin bulunduklar\u0131 b\u00f6lgelere ula\u015fmada ya\u015fanan zorluklar nedeniyle h\u00fck\u00fcmetin engellilere hizmet kalitesini yak\u0131ndan denetleyemedi\u011fine dikkat \u00e7ekti. Bunun \u0131\u015f\u0131\u011f\u0131nda sivil toplum kurumlar\u0131 ve dernekleri ile resmi kurumlar aras\u0131ndaki i\u015fbirli\u011finin \u00f6nem kazand\u0131\u011f\u0131na dikkat \u00e7eken \u015eammat; s\u00f6z konusu kurum ve cemiyetleri bu ba\u011flamda daha aktif bir rol oynamaya \u00e7a\u011f\u0131rd\u0131.<\/p>\n<p>\u015eammat ter\u00f6r eylemleri nedeniyle tehcir edilen ailelere ve engellilere maddi deste\u011fin yan\u0131nda manevi psikolojik deste\u011fin gere\u011fine vurgu yapt\u0131.<\/p>\n<p>Bakanl\u0131\u011f\u0131n yurt genelinde ya\u015fanan olaylar nedeniyle engelli hale gelen vatanda\u015flara ili\u015fkin bir istatistik haz\u0131rlama \u00e7abas\u0131nda oldu\u011funu s\u00f6yleyen \u015eammat; engelli aileler ve engellilere yard\u0131m alanlar\u0131nda \u00e7al\u0131\u015fmakta olan cemiyetlerin ter\u00f6r eylemleri nedeniyle maruz kald\u0131klar\u0131 hasarlar\u0131 da tespit etme \u00e7al\u0131\u015fmalar\u0131nda bulundu\u011funu a\u00e7\u0131klad\u0131. \u015eammat zarar g\u00f6ren bu aile ve cemiyetlere uygun tazminatlar\u0131n \u00f6denmesi amac\u0131yla yeniden imar komitesine sevk edileceklerini s\u00f6zlerine ekledi.<\/p>\n<p><span style=\"color: #0000ff\">Engellileri \u00dcreticiye D\u00f6n\u00fc\u015ft\u00fcrmek Gerekiyor<\/span><\/p>\n<p>Sosyal i\u015fler Bakanl\u0131\u011f\u0131nda Hizmet Departman\u0131n\u0131n Engelliler Dairesi M\u00fcd\u00fcr\u00fc Usame el Labid engellileri birer \u00fcreticiye d\u00f6n\u00fc\u015ft\u00fcrmenin \u00f6nemine dikkat \u00e7ekti. Labid ayn\u0131 zamanda engelliler ile toplumun di\u011fer kesimleri aras\u0131ndaki i\u015fbirli\u011fi k\u00fclt\u00fcr\u00fcn\u00fc peki\u015ftirmenin gere\u011fini ifade etti.<\/p>\n<p>Forum kat\u0131l\u0131mc\u0131lar\u0131 cemiyetler ise \u00e7al\u0131\u015fmalar\u0131nda koordinasyon ve i\u015fbirli\u011finin organize edilmesi amac\u0131yla engellilere hizmet alan\u0131nda faaliyet veren cemiyet ve derneklerin t\u00fcm\u00fcn\u00fc kapsayacak bir federasyon te\u015fkil edilmesi \u00f6nerisinde bulundular.<\/p>\n<div id='gallery-1' class='gallery galleryid-31496 gallery-columns-3 gallery-size-thumbnail'><figure class='gallery-item'>\n\t\t\t<div class='gallery-icon landscape'>\n\t\t\t\t<a href='https:\/\/archive.sana.sy\/tr\/wp-content\/uploads\/2015\/04\/Birinci-Engellilere-Yard\u0131m-Cemiyetleri-Forumu-D\u00fczenledi-3.jpg'><img loading=\"lazy\" decoding=\"async\" width=\"150\" height=\"94\" src=\"https:\/\/archive.sana.sy\/tr\/wp-content\/uploads\/2015\/04\/Birinci-Engellilere-Yard\u0131m-Cemiyetleri-Forumu-D\u00fczenledi-3-150x94.jpg\" class=\"attachment-thumbnail size-thumbnail\" alt=\"\" srcset=\"https:\/\/archive.sana.sy\/tr\/wp-content\/uploads\/2015\/04\/Birinci-Engellilere-Yard\u0131m-Cemiyetleri-Forumu-D\u00fczenledi-3-150x94.jpg 150w, https:\/\/archive.sana.sy\/tr\/wp-content\/uploads\/2015\/04\/Birinci-Engellilere-Yard\u0131m-Cemiyetleri-Forumu-D\u00fczenledi-3-300x188.jpg 300w, https:\/\/archive.sana.sy\/tr\/wp-content\/uploads\/2015\/04\/Birinci-Engellilere-Yard\u0131m-Cemiyetleri-Forumu-D\u00fczenledi-3.jpg 500w\" sizes=\"auto, (max-width: 150px) 100vw, 150px\" \/><\/a>\n\t\t\t<\/div><\/figure><figure class='gallery-item'>\n\t\t\t<div class='gallery-icon landscape'>\n\t\t\t\t<a href='https:\/\/archive.sana.sy\/tr\/wp-content\/uploads\/2015\/04\/Birinci-Engellilere-Yard\u0131m-Cemiyetleri-Forumu-D\u00fczenledi-2.jpg'><img loading=\"lazy\" decoding=\"async\" width=\"150\" height=\"91\" src=\"https:\/\/archive.sana.sy\/tr\/wp-content\/uploads\/2015\/04\/Birinci-Engellilere-Yard\u0131m-Cemiyetleri-Forumu-D\u00fczenledi-2-150x91.jpg\" class=\"attachment-thumbnail size-thumbnail\" alt=\"\" srcset=\"https:\/\/archive.sana.sy\/tr\/wp-content\/uploads\/2015\/04\/Birinci-Engellilere-Yard\u0131m-Cemiyetleri-Forumu-D\u00fczenledi-2-150x91.jpg 150w, https:\/\/archive.sana.sy\/tr\/wp-content\/uploads\/2015\/04\/Birinci-Engellilere-Yard\u0131m-Cemiyetleri-Forumu-D\u00fczenledi-2-300x181.jpg 300w, https:\/\/archive.sana.sy\/tr\/wp-content\/uploads\/2015\/04\/Birinci-Engellilere-Yard\u0131m-Cemiyetleri-Forumu-D\u00fczenledi-2.jpg 500w\" sizes=\"auto, (max-width: 150px) 100vw, 150px\" \/><\/a>\n\t\t\t<\/div><\/figure><figure class='gallery-item'>\n\t\t\t<div class='gallery-icon landscape'>\n\t\t\t\t<a href='https:\/\/archive.sana.sy\/tr\/wp-content\/uploads\/2015\/04\/Birinci-Engellilere-Yard\u0131m-Cemiyetleri-Forumu-D\u00fczenledi-1.jpg'><img loading=\"lazy\" decoding=\"async\" width=\"150\" height=\"96\" src=\"https:\/\/archive.sana.sy\/tr\/wp-content\/uploads\/2015\/04\/Birinci-Engellilere-Yard\u0131m-Cemiyetleri-Forumu-D\u00fczenledi-1-150x96.jpg\" class=\"attachment-thumbnail size-thumbnail\" alt=\"\" srcset=\"https:\/\/archive.sana.sy\/tr\/wp-content\/uploads\/2015\/04\/Birinci-Engellilere-Yard\u0131m-Cemiyetleri-Forumu-D\u00fczenledi-1-150x96.jpg 150w, https:\/\/archive.sana.sy\/tr\/wp-content\/uploads\/2015\/04\/Birinci-Engellilere-Yard\u0131m-Cemiyetleri-Forumu-D\u00fczenledi-1-300x191.jpg 300w, https:\/\/archive.sana.sy\/tr\/wp-content\/uploads\/2015\/04\/Birinci-Engellilere-Yard\u0131m-Cemiyetleri-Forumu-D\u00fczenledi-1.jpg 500w\" sizes=\"auto, (max-width: 150px) 100vw, 150px\" \/><\/a>\n\t\t\t<\/div><\/figure>\n\t\t<\/div>\n\n<p>A.A. &#8211; M.M.<\/p>\n","protected":false},"excerpt":{"rendered":"<p>\u015eAM \u2013 Engellilere yard\u0131m alanlar\u0131nda faaliyet g\u00f6steren cemiyetler Sosyal \u0130\u015fler Bakanl\u0131\u011f\u0131n\u0131n bug\u00fcn \u015eam\u2019da d\u00fczenledi\u011fi forumda kat\u0131l\u0131mc\u0131lar; engellilere yard\u0131m ve hizmetleri nitelik ve nicelik a\u00e7\u0131s\u0131ndan peki\u015ftirme mekanizmalar\u0131n\u0131 tart\u0131\u015ft\u0131. Sosyal \u0130\u015fler Bakan\u0131 Kinda el \u015eammat forum a\u00e7\u0131l\u0131\u015f\u0131nda yapt\u0131\u011f\u0131 a\u00e7\u0131klamada; toplumsal \u00e7al\u0131\u015fmalarda ilgili devlet kurumlar\u0131 ile sivil toplum faaliyetleri ve cemiyetleri aras\u0131nda i\u015fbirli\u011fi ve koordinasyonu peki\u015ftirmenin \u00f6nemine dikkat &hellip;<\/p>\n","protected":false},"author":1,"featured_media":31497,"comment_status":"closed","ping_status":"closed","sticky":false,"template":"","format":"standard","meta":{"footnotes":""},"categories":[526,479,525,478],"tags":[14204],"class_list":["post-31496","post","type-post","status-publish","format-standard","has-post-thumbnail","","category-haber-ve-raporlar","category-haberler-yerel","category-toplum","category-yerel","tag-birinci-engellilere-yardim-cemiyetleri-forumu-duzenledi"],"_links":{"self":[{"href":"https:\/\/archive.sana.sy\/tr\/index.php?rest_route=\/wp\/v2\/posts\/31496","targetHints":{"allow":["GET"]}}],"collection":[{"href":"https:\/\/archive.sana.sy\/tr\/index.php?rest_route=\/wp\/v2\/posts"}],"about":[{"href":"https:\/\/archive.sana.sy\/tr\/index.php?rest_route=\/wp\/v2\/types\/post"}],"author":[{"embeddable":true,"href":"https:\/\/archive.sana.sy\/tr\/index.php?rest_route=\/wp\/v2\/users\/1"}],"replies":[{"embeddable":true,"href":"https:\/\/archive.sana.sy\/tr\/index.php?rest_route=%2Fwp%2Fv2%2Fcomments&post=31496"}],"version-history":[{"count":0,"href":"https:\/\/archive.sana.sy\/tr\/index.php?rest_route=\/wp\/v2\/posts\/31496\/revisions"}],"wp:featuredmedia":[{"embeddable":true,"href":"https:\/\/archive.sana.sy\/tr\/index.php?rest_route=\/wp\/v2\/media\/31497"}],"wp:attachment":[{"href":"https:\/\/archive.sana.sy\/tr\/index.php?rest_route=%2Fwp%2Fv2%2Fmedia&parent=31496"}],"wp:term":[{"taxonomy":"category","embeddable":true,"href":"https:\/\/archive.sana.sy\/tr\/index.php?rest_route=%2Fwp%2Fv2%2Fcategories&post=31496"},{"taxonomy":"post_tag","embeddable":true,"href":"https:\/\/archive.sana.sy\/tr\/index.php?rest_route=%2Fwp%2Fv2%2Ftags&post=31496"}],"curies":[{"name":"wp","href":"https:\/\/api.w.org\/{rel}","templated":true}]}}