{"id":3150,"date":"2014-06-15T15:22:04","date_gmt":"2014-06-15T12:22:04","guid":{"rendered":"http:\/\/sanasyria.org\/tr\/?p=3150"},"modified":"2014-06-17T10:24:34","modified_gmt":"2014-06-17T07:24:34","slug":"teror-ceteleri-ve-destekcilerine-agir-bir-darbe-olusturdu","status":"publish","type":"post","link":"https:\/\/archive.sana.sy\/tr\/?p=3150","title":{"rendered":"Ter\u00f6r \u00c7eteleri ve Destek\u00e7ilerine A\u011f\u0131r Bir Darbe Olu\u015fturdu"},"content":{"rendered":"<p><span style=\"color: #800000\">\u015eAM \u2013<\/span> Ordu ve Silahl\u0131 Kuvvetler genel Komutanl\u0131\u011f\u0131; ordu birliklerimizin Ulusal Savunma G\u00fc\u00e7leri ile i\u015fbirli\u011fi i\u00e7inde Lazkiye k\u0131rsal\u0131n\u0131n kuzeyinde kiral\u0131k ter\u00f6r \u00e7etelerini a\u011f\u0131r kay\u0131plara u\u011fratmas\u0131 ard\u0131ndan bug\u00fcn sabah saatlerinde Keseb Kasabas\u0131 ve civar\u0131nda g\u00fcvenlik ve istikrar\u0131 sa\u011flad\u0131\u011f\u0131n\u0131 belirtti.<\/p>\n<p>Komutanl\u0131k bug\u00fcn yay\u0131nlad\u0131\u011f\u0131 ve SANA\u2019n\u0131n bir n\u00fcshas\u0131n\u0131 ald\u0131\u011f\u0131 beyan\u0131nda; ordu birliklerimizin bir dizi dakik ve nitelikli operasyonlar sonucunda yine Lazkiye k\u0131rsal\u0131n\u0131n kuzeyinde Nebieyn Beldesi ve civar\u0131nda bulunan kurumlar\u0131 kontrol\u00fcne ald\u0131klar\u0131n\u0131 a\u00e7\u0131klad\u0131.<\/p>\n<p>Lazkiye k\u0131rsal\u0131n\u0131n kuzeyinde sa\u011flanan bu ba\u015far\u0131lar\u0131n \u00f6nemine \u0131\u015f\u0131k tutan Komutanl\u0131k; b\u00f6lgenin sahip oldu\u011fu stratejik co\u011frafi konuma dikkat \u00e7ekti. Komutanl\u0131k bu zaferle d\u00fc\u015fmanlar\u0131n ve edatlar\u0131n\u0131n hayallerinin \u00e7\u00f6kertildi\u011fini belirterek, T\u00fcrkiye s\u0131n\u0131rlar\u0131 boyunca azledilmi\u015f b\u00f6lge kurma ve ter\u00f6r \u00e7etelerine deniz yolu a\u00e7ma planlar\u0131n\u0131n suya d\u00fc\u015f\u00fcr\u00fcld\u00fc\u011f\u00fcn\u00fc vurgulad\u0131.<\/p>\n<p>Genel Komutanl\u0131k beyan\u0131nda T\u00fcrkiye s\u0131n\u0131rlar\u0131 boyunca te\u015fkil edilmeye \u00e7al\u0131\u015f\u0131lan azledilmi\u015f b\u00f6lgenin Suriye halk\u0131na sald\u0131r\u0131larda ter\u00f6ristlerin g\u00fcvenli bar\u0131naklar\u0131 ve ter\u00f6r eylemlerinin hareket b\u00f6lgesi haline getirilmeye \u00e7al\u0131\u015f\u0131ld\u0131\u011f\u0131n\u0131 s\u00f6yledi.<\/p>\n<p>Zaferin Suriye halk\u0131 ve kahraman vatan koruyucular\u0131n\u0131n ter\u00f6r ve destekleyicilerine zaferlerinin bir devam\u0131 say\u0131lan bu ba\u015far\u0131n\u0131n ter\u00f6r gruplar\u0131 ve onlar\u0131 destekleyenlere a\u011f\u0131r bir darbe te\u015fkil etti\u011fine dikkat \u00e7eken Komutanl\u0131k; ordu birliklerimizin yurdun her yerinde ka\u00e7an ve saklanan ter\u00f6r \u00e7etelerini kovalama ve k\u00f6klerini kaz\u0131ma azim ve kararl\u0131l\u0131kta olduklar\u0131n\u0131n alt\u0131n\u0131 \u00e7izdi.<\/p>\n","protected":false},"excerpt":{"rendered":"<p>\u015eAM \u2013 Ordu ve Silahl\u0131 Kuvvetler genel Komutanl\u0131\u011f\u0131; ordu birliklerimizin Ulusal Savunma G\u00fc\u00e7leri ile i\u015fbirli\u011fi i\u00e7inde Lazkiye k\u0131rsal\u0131n\u0131n kuzeyinde kiral\u0131k ter\u00f6r \u00e7etelerini a\u011f\u0131r kay\u0131plara u\u011fratmas\u0131 ard\u0131ndan bug\u00fcn sabah saatlerinde Keseb Kasabas\u0131 ve civar\u0131nda g\u00fcvenlik ve istikrar\u0131 sa\u011flad\u0131\u011f\u0131n\u0131 belirtti. Komutanl\u0131k bug\u00fcn yay\u0131nlad\u0131\u011f\u0131 ve SANA\u2019n\u0131n bir n\u00fcshas\u0131n\u0131 ald\u0131\u011f\u0131 beyan\u0131nda; ordu birliklerimizin bir dizi dakik ve nitelikli operasyonlar &hellip;<\/p>\n","protected":false},"author":1,"featured_media":3151,"comment_status":"closed","ping_status":"closed","sticky":false,"template":"","format":"standard","meta":{"footnotes":""},"categories":[479,575,478],"tags":[698],"class_list":["post-3150","post","type-post","status-publish","format-standard","has-post-thumbnail","","category-haberler-yerel","category-olaylar-ve-gercekler","category-yerel","tag-teror-ceteleri-ve-destekcilerine-agir-bir-darbe-olusturdu"],"_links":{"self":[{"href":"https:\/\/archive.sana.sy\/tr\/index.php?rest_route=\/wp\/v2\/posts\/3150","targetHints":{"allow":["GET"]}}],"collection":[{"href":"https:\/\/archive.sana.sy\/tr\/index.php?rest_route=\/wp\/v2\/posts"}],"about":[{"href":"https:\/\/archive.sana.sy\/tr\/index.php?rest_route=\/wp\/v2\/types\/post"}],"author":[{"embeddable":true,"href":"https:\/\/archive.sana.sy\/tr\/index.php?rest_route=\/wp\/v2\/users\/1"}],"replies":[{"embeddable":true,"href":"https:\/\/archive.sana.sy\/tr\/index.php?rest_route=%2Fwp%2Fv2%2Fcomments&post=3150"}],"version-history":[{"count":0,"href":"https:\/\/archive.sana.sy\/tr\/index.php?rest_route=\/wp\/v2\/posts\/3150\/revisions"}],"wp:featuredmedia":[{"embeddable":true,"href":"https:\/\/archive.sana.sy\/tr\/index.php?rest_route=\/wp\/v2\/media\/3151"}],"wp:attachment":[{"href":"https:\/\/archive.sana.sy\/tr\/index.php?rest_route=%2Fwp%2Fv2%2Fmedia&parent=3150"}],"wp:term":[{"taxonomy":"category","embeddable":true,"href":"https:\/\/archive.sana.sy\/tr\/index.php?rest_route=%2Fwp%2Fv2%2Fcategories&post=3150"},{"taxonomy":"post_tag","embeddable":true,"href":"https:\/\/archive.sana.sy\/tr\/index.php?rest_route=%2Fwp%2Fv2%2Ftags&post=3150"}],"curies":[{"name":"wp","href":"https:\/\/api.w.org\/{rel}","templated":true}]}}