{"id":31509,"date":"2015-04-30T17:22:52","date_gmt":"2015-04-30T14:22:52","guid":{"rendered":"http:\/\/www.sana.sy\/tr\/?p=31509"},"modified":"2015-04-30T17:23:39","modified_gmt":"2015-04-30T14:23:39","slug":"terorle-mucadele-desteklenmedikce-siyasi-surecin-anlami-yoktur","status":"publish","type":"post","link":"https:\/\/archive.sana.sy\/tr\/?p=31509","title":{"rendered":"Ter\u00f6rle M\u00fccadele Desteklenmedik\u00e7e Siyasi S\u00fcrecin Anlam\u0131 Yoktur"},"content":{"rendered":"<p>\u015eAM \u2013 Enformasyon bakan\u0131 Omran el Zoubi bug\u00fcn \u0130sve\u00e7\u2019te ya\u015fayan Suriyeli gurbet\u00e7ilerle birlikte \u0130sve\u00e7li ayd\u0131n ve gazetecilerden olu\u015fan bir heyeti kabul etti.<\/p>\n<p>G\u00f6r\u00fc\u015fmede Zoubi d\u00f6rt y\u0131la a\u015fk\u0131n s\u00fcredir Suriye ve halk\u0131na y\u00f6nelik muhtelif edat ve y\u00f6nlerle y\u00fcr\u00fct\u00fclmekte olan medya sald\u0131r\u0131lar\u0131na dikkat \u00e7ekerek, b\u00f6lgede olanlar\u0131n ger\u00e7e\u011fine dikkat etmede teyakkuz \u00e7a\u011fr\u0131s\u0131nda bulundu.<\/p>\n<p><a href=\"http:\/\/www.sana.sy\/tr\/wp-content\/uploads\/2015\/04\/Zoubi.JPG-2.jpg\"><img loading=\"lazy\" decoding=\"async\" class=\"alignright wp-image-31512 size-medium\" src=\"http:\/\/www.sana.sy\/tr\/wp-content\/uploads\/2015\/04\/Zoubi.JPG-2-300x190.jpg\" alt=\"Zoubi.JPG 2\" width=\"300\" height=\"190\" srcset=\"https:\/\/archive.sana.sy\/tr\/wp-content\/uploads\/2015\/04\/Zoubi.JPG-2-300x190.jpg 300w, https:\/\/archive.sana.sy\/tr\/wp-content\/uploads\/2015\/04\/Zoubi.JPG-2-150x95.jpg 150w, https:\/\/archive.sana.sy\/tr\/wp-content\/uploads\/2015\/04\/Zoubi.JPG-2-1024x649.jpg 1024w\" sizes=\"auto, (max-width: 300px) 100vw, 300px\" \/><\/a>B\u00f6lgede ter\u00f6r\u00fcn bertaraf edilmemesi halinde t\u00fcm d\u00fcnyan\u0131n deh\u015fet verici bir tehlikeyle kar\u015f\u0131 kar\u015f\u0131ya oldu\u011funa dikkat \u00e7eken Zoubi; ter\u00f6rle m\u00fccadelenin b\u00f6lge halklar\u0131 ve devletleri aras\u0131nda i\u015fbirli\u011fi ve koordinasyonu ka\u00e7\u0131n\u0131lmaz k\u0131ld\u0131\u011f\u0131na vurgu yapt\u0131.<\/p>\n<p>Suriye h\u00fck\u00fcmetinin siyasi g\u00f6r\u00fc\u015f farkl\u0131l\u0131klar\u0131na ra\u011fmen t\u00fcm Suriyeliler aras\u0131nda yak\u0131nla\u015fma ve uzla\u015fmaya g\u00f6t\u00fcrecek her t\u00fcrl\u00fc \u00e7abaya a\u00e7\u0131k oldu\u011funu belirten Bakan Zoubi; fakat kimi Arap ve kom\u015fu devletlerin y\u00f6nlendirmeleriyle davranan muhalif baz\u0131 \u015fahsiyetlerin bu konuda engeller \u00e7\u0131kard\u0131klar\u0131n\u0131 belirtti.<\/p>\n<p>Bakan Zoubi d\u00fcnya devletlerinin ter\u00f6rle m\u00fccadelede ciddi olmalar\u0131 ve bu konuda Suriye h\u00fck\u00fcmetini ter\u00f6re kar\u015f\u0131 sava\u015f\u0131nda desteklemedikleri s\u00fcrece siyasi s\u00fcrecin hi\u00e7bir anlam yada de\u011feri olmayaca\u011f\u0131n\u0131 ifade etti.<\/p>\n<p>Heyet ba\u015fkan\u0131 Suriyeli gurbet\u00e7i Sabri Ey\u00fcp \u0130sve\u00e7li bas\u0131n ekibinin medyada duydu\u011fu as\u0131ls\u0131z haberlerden dolay\u0131 i\u00e7ine d\u00fc\u015ft\u00fc\u011f\u00fc korku duvar\u0131n\u0131 a\u015farak, Suriye&#8217;de ger\u00e7ekleri oldu\u011fu gibi g\u00f6rme ve \u0130sve\u00e7 kamuoyuna aktarma hedefiyle Suriye&#8217;ye geldi\u011fini s\u00f6yledi.<\/p>\n<p>\u0130ki g\u00fcn \u00f6nce Suriye&#8217;ye gelen \u0130sve\u00e7li heyet; bir\u00e7ok yetkiliyle bulunduklar\u0131 temaslar\u0131nda Suriye ve halk\u0131n\u0131n ter\u00f6re kar\u015f\u0131 m\u00fccadelelerini peki\u015ftirmede ellerinden gelen her katk\u0131y\u0131 sa\u011flamaya haz\u0131r olduklar\u0131n\u0131 belirtti.<\/p>\n<p>A.A. &#8211; M.M.<\/p>\n","protected":false},"excerpt":{"rendered":"<p>\u015eAM \u2013 Enformasyon bakan\u0131 Omran el Zoubi bug\u00fcn \u0130sve\u00e7\u2019te ya\u015fayan Suriyeli gurbet\u00e7ilerle birlikte \u0130sve\u00e7li ayd\u0131n ve gazetecilerden olu\u015fan bir heyeti kabul etti. G\u00f6r\u00fc\u015fmede Zoubi d\u00f6rt y\u0131la a\u015fk\u0131n s\u00fcredir Suriye ve halk\u0131na y\u00f6nelik muhtelif edat ve y\u00f6nlerle y\u00fcr\u00fct\u00fclmekte olan medya sald\u0131r\u0131lar\u0131na dikkat \u00e7ekerek, b\u00f6lgede olanlar\u0131n ger\u00e7e\u011fine dikkat etmede teyakkuz \u00e7a\u011fr\u0131s\u0131nda bulundu. B\u00f6lgede ter\u00f6r\u00fcn bertaraf edilmemesi halinde &hellip;<\/p>\n","protected":false},"author":1,"featured_media":31510,"comment_status":"closed","ping_status":"closed","sticky":false,"template":"","format":"standard","meta":{"footnotes":""},"categories":[479,478],"tags":[14206],"class_list":["post-31509","post","type-post","status-publish","format-standard","has-post-thumbnail","","category-haberler-yerel","category-yerel","tag-terorle-mucadele-desteklenmedikce-siyasi-surecin-anlami-yoktur"],"_links":{"self":[{"href":"https:\/\/archive.sana.sy\/tr\/index.php?rest_route=\/wp\/v2\/posts\/31509","targetHints":{"allow":["GET"]}}],"collection":[{"href":"https:\/\/archive.sana.sy\/tr\/index.php?rest_route=\/wp\/v2\/posts"}],"about":[{"href":"https:\/\/archive.sana.sy\/tr\/index.php?rest_route=\/wp\/v2\/types\/post"}],"author":[{"embeddable":true,"href":"https:\/\/archive.sana.sy\/tr\/index.php?rest_route=\/wp\/v2\/users\/1"}],"replies":[{"embeddable":true,"href":"https:\/\/archive.sana.sy\/tr\/index.php?rest_route=%2Fwp%2Fv2%2Fcomments&post=31509"}],"version-history":[{"count":0,"href":"https:\/\/archive.sana.sy\/tr\/index.php?rest_route=\/wp\/v2\/posts\/31509\/revisions"}],"wp:featuredmedia":[{"embeddable":true,"href":"https:\/\/archive.sana.sy\/tr\/index.php?rest_route=\/wp\/v2\/media\/31510"}],"wp:attachment":[{"href":"https:\/\/archive.sana.sy\/tr\/index.php?rest_route=%2Fwp%2Fv2%2Fmedia&parent=31509"}],"wp:term":[{"taxonomy":"category","embeddable":true,"href":"https:\/\/archive.sana.sy\/tr\/index.php?rest_route=%2Fwp%2Fv2%2Fcategories&post=31509"},{"taxonomy":"post_tag","embeddable":true,"href":"https:\/\/archive.sana.sy\/tr\/index.php?rest_route=%2Fwp%2Fv2%2Ftags&post=31509"}],"curies":[{"name":"wp","href":"https:\/\/api.w.org\/{rel}","templated":true}]}}