{"id":315135,"date":"2025-02-07T15:41:20","date_gmt":"2025-02-07T12:41:20","guid":{"rendered":"https:\/\/sana.sy\/tr\/?p=315135"},"modified":"2025-02-07T15:41:20","modified_gmt":"2025-02-07T12:41:20","slug":"sosyal-isler-bakani-sri-lanka-buyukelcisi-ile-iki-ulke-arasindaki-isbirliginin-artirilmasini-gorustu","status":"publish","type":"post","link":"https:\/\/archive.sana.sy\/tr\/?p=315135","title":{"rendered":"Sosyal \u0130\u015fler Bakan\u0131, Sri Lanka B\u00fcy\u00fckel\u00e7isi \u0130le \u0130ki \u00dclke Aras\u0131ndaki \u0130\u015fbirli\u011finin Art\u0131r\u0131lmas\u0131n\u0131 G\u00f6r\u00fc\u015ft\u00fc"},"content":{"rendered":"<p style=\"text-align: justify;\"><span style=\"color: #800000;\"><strong>\u015eAM (SANA) &#8211;<\/strong><\/span> Ge\u00e7ici h\u00fck\u00fcmetin Sosyal \u0130\u015fler ve \u00c7al\u0131\u015fma Bakan\u0131 Fadi El Kassem, Sri Lanka Cumhuriyeti B\u00fcy\u00fckel\u00e7isi Kapila Jayavera ile iki \u00fclke aras\u0131nda \u00e7al\u0131\u015fma alan\u0131nda i\u015fbirli\u011finin geli\u015ftirilmesi ve uzmanl\u0131k al\u0131\u015fveri\u015finde bulunulmas\u0131 olanaklar\u0131n\u0131 g\u00f6r\u00fc\u015ft\u00fc.<\/p>\n<p style=\"text-align: justify;\">Bakanl\u0131k, bug\u00fcn Telegram kanal\u0131nda yapt\u0131\u011f\u0131 a\u00e7\u0131klamada, iki taraf\u0131n \u00e7al\u0131\u015fma ili\u015fkilerinin d\u00fczenlenmesine ili\u015fkin ikili anla\u015fmalar\u0131 ele ald\u0131\u011f\u0131n\u0131, bunun ortak i\u015fbirli\u011fi mekanizmas\u0131n\u0131n geli\u015ftirilmesine ve kar\u015f\u0131l\u0131kl\u0131 \u00e7\u0131karlar\u0131n elde edilmesine katk\u0131 sa\u011flayaca\u011f\u0131n\u0131 belirtti.<\/p>\n","protected":false},"excerpt":{"rendered":"<p>\u015eAM (SANA) &#8211; Ge\u00e7ici h\u00fck\u00fcmetin Sosyal \u0130\u015fler ve \u00c7al\u0131\u015fma Bakan\u0131 Fadi El Kassem, Sri Lanka Cumhuriyeti B\u00fcy\u00fckel\u00e7isi Kapila Jayavera ile iki \u00fclke aras\u0131nda \u00e7al\u0131\u015fma alan\u0131nda i\u015fbirli\u011finin geli\u015ftirilmesi ve uzmanl\u0131k al\u0131\u015fveri\u015finde bulunulmas\u0131 olanaklar\u0131n\u0131 g\u00f6r\u00fc\u015ft\u00fc. Bakanl\u0131k, bug\u00fcn Telegram kanal\u0131nda yapt\u0131\u011f\u0131 a\u00e7\u0131klamada, iki taraf\u0131n \u00e7al\u0131\u015fma ili\u015fkilerinin d\u00fczenlenmesine ili\u015fkin ikili anla\u015fmalar\u0131 ele ald\u0131\u011f\u0131n\u0131, bunun ortak i\u015fbirli\u011fi mekanizmas\u0131n\u0131n geli\u015ftirilmesine ve &hellip;<\/p>\n","protected":false},"author":44,"featured_media":315136,"comment_status":"closed","ping_status":"closed","sticky":false,"template":"","format":"standard","meta":{"footnotes":""},"categories":[589,479,17988,478],"tags":[10242,43313],"class_list":["post-315135","post","type-post","status-publish","format-standard","has-post-thumbnail","","category-haber-seridi","category-haberler-yerel","category-son-haberler","category-yerel","tag-sosyal-isler-bakani","tag-sri-lanka-buyukelcisi-ile-iki-ulke-arasindaki-isbirliginin-artirilmasini-gorustu"],"_links":{"self":[{"href":"https:\/\/archive.sana.sy\/tr\/index.php?rest_route=\/wp\/v2\/posts\/315135","targetHints":{"allow":["GET"]}}],"collection":[{"href":"https:\/\/archive.sana.sy\/tr\/index.php?rest_route=\/wp\/v2\/posts"}],"about":[{"href":"https:\/\/archive.sana.sy\/tr\/index.php?rest_route=\/wp\/v2\/types\/post"}],"author":[{"embeddable":true,"href":"https:\/\/archive.sana.sy\/tr\/index.php?rest_route=\/wp\/v2\/users\/44"}],"replies":[{"embeddable":true,"href":"https:\/\/archive.sana.sy\/tr\/index.php?rest_route=%2Fwp%2Fv2%2Fcomments&post=315135"}],"version-history":[{"count":1,"href":"https:\/\/archive.sana.sy\/tr\/index.php?rest_route=\/wp\/v2\/posts\/315135\/revisions"}],"predecessor-version":[{"id":315137,"href":"https:\/\/archive.sana.sy\/tr\/index.php?rest_route=\/wp\/v2\/posts\/315135\/revisions\/315137"}],"wp:featuredmedia":[{"embeddable":true,"href":"https:\/\/archive.sana.sy\/tr\/index.php?rest_route=\/wp\/v2\/media\/315136"}],"wp:attachment":[{"href":"https:\/\/archive.sana.sy\/tr\/index.php?rest_route=%2Fwp%2Fv2%2Fmedia&parent=315135"}],"wp:term":[{"taxonomy":"category","embeddable":true,"href":"https:\/\/archive.sana.sy\/tr\/index.php?rest_route=%2Fwp%2Fv2%2Fcategories&post=315135"},{"taxonomy":"post_tag","embeddable":true,"href":"https:\/\/archive.sana.sy\/tr\/index.php?rest_route=%2Fwp%2Fv2%2Ftags&post=315135"}],"curies":[{"name":"wp","href":"https:\/\/api.w.org\/{rel}","templated":true}]}}