{"id":315139,"date":"2025-02-08T04:00:49","date_gmt":"2025-02-08T01:00:49","guid":{"rendered":"https:\/\/sana.sy\/tr\/?p=315139"},"modified":"2025-02-08T18:20:13","modified_gmt":"2025-02-08T15:20:13","slug":"almanya-sansolyesi-cumhurbaskani-el-sara-ile-yaptigi-telefon-gorusmesinde-ulkesinin-suriyedeki-yeni-yonetime-destegini-teyit-etti","status":"publish","type":"post","link":"https:\/\/archive.sana.sy\/tr\/?p=315139","title":{"rendered":"Almanya \u015eans\u00f6lyesi, Cumhurba\u015fkan\u0131 El \u015eara \u0130le Yapt\u0131\u011f\u0131 Telefon G\u00f6r\u00fc\u015fmesinde \u00dclkesinin Suriye&#8217;deki Yeni Y\u00f6netime Deste\u011fini Teyit Etti"},"content":{"rendered":"<p style=\"text-align: justify;\"><span style=\"color: #800000;\"><strong>\u015eAM (SANA)<\/strong> &#8211;<\/span> Suriye Arap Cumhuriyeti Cumhurba\u015fkan\u0131 Say\u0131n Ahmed El \u015eara, bug\u00fcn Almanya \u015eans\u00f6lyesi Say\u0131n Olaf Scholz&#8217;dan bir telefon ald\u0131.<\/p>\n<p style=\"text-align: justify;\">Schultz, Suriye Cumhurba\u015fkan\u0131 Ahmed El \u015eara&#8217;n\u0131n cumhurba\u015fkanl\u0131\u011f\u0131 g\u00f6revini \u00fcstlenmesini tebrik ederek konu\u015fmas\u0131na ba\u015flad\u0131 ve su\u00e7lu Esad rejiminden kurtulup Suriye halk\u0131n\u0131n \u00f6zg\u00fcrl\u00fc\u011fe kavu\u015fmas\u0131ndan duydu\u011fu mutlulu\u011fu dile getirdi.<\/p>\n<p style=\"text-align: justify;\">Schultz ayr\u0131ca, yeni y\u00f6netimin toplumsal ve siyasal alanda i\u00e7 bar\u0131\u015f\u0131 korumak i\u00e7in att\u0131\u011f\u0131 ad\u0131mlar\u0131 destekledi\u011fini ifade etti.<\/p>\n<p style=\"text-align: justify;\">Cumhurba\u015fkan\u0131 Ahmed El \u015eara ise Alman \u015eans\u00f6lyesi&#8217;ne, Suriye halk\u0131na destek veren ve son y\u0131llarda Suriyeli m\u00fcltecileri kabul eden Almanya&#8217;n\u0131n tutumu ve \u00e7a\u011fr\u0131s\u0131 i\u00e7in te\u015fekk\u00fcr etti.<\/p>\n<p style=\"text-align: justify;\">Suriye devletinin ge\u00e7i\u015f s\u00fcreci, ulusal diyalog ve kapsaml\u0131 bir h\u00fck\u00fcmetin kurulmas\u0131 noktas\u0131nda benimsedi\u011fi yol haritas\u0131 hakk\u0131nda konu\u015fan Cumhurba\u015fkan\u0131 El \u015eara,\u00a0 Suriye halk\u0131n\u0131n toparlanmas\u0131 ve hem insani hem de ekonomik yolun desteklenmesi i\u00e7in ekonomik yapt\u0131r\u0131mlar\u0131n derhal kald\u0131r\u0131lmas\u0131 gerekti\u011fini a\u00e7\u0131k\u00e7a belirtti ve ekonomik yapt\u0131r\u0131mlar\u0131n kald\u0131r\u0131lmas\u0131 y\u00f6n\u00fcndeki yo\u011fun \u00e7abalara de\u011findi.<\/p>\n<p style=\"text-align: justify;\">Schultz, Suriye Cumhurba\u015fkan\u0131 El \u015eara&#8217;n\u0131n, \u00f6zellikle Suriye&#8217;nin kuzeydo\u011fusundaki topraklar\u0131n birli\u011fini sa\u011flamak amac\u0131yla y\u00fcr\u00fct\u00fclen g\u00f6r\u00fc\u015fmeleri y\u00f6netme y\u00f6n\u00fcndeki ad\u0131mlar\u0131na destek verdi\u011fini de dile getirdi.<\/p>\n<p style=\"text-align: justify;\">Cumhurba\u015fkan\u0131 El \u015eara ve Schultz ayr\u0131ca Suriye&#8217;deki g\u00fcvenlik zorluklar\u0131n\u0131 ve Suriye&#8217;de g\u00fcvenlik ve istikrar\u0131n sa\u011flanmas\u0131 i\u00e7in birlikte \u00e7al\u0131\u015fman\u0131n gereklili\u011fini payla\u015ft\u0131lar. Bunun yan\u0131ndada Suriye&#8217;deki siyasi s\u00fcrece, \u00fclkenin birli\u011fine, ba\u011f\u0131ms\u0131zl\u0131\u011f\u0131na ve toprak egemenli\u011fine destek vurgusu da yap\u0131ld\u0131.<\/p>\n<p>&nbsp;<\/p>\n","protected":false},"excerpt":{"rendered":"<p>\u015eAM (SANA) &#8211; Suriye Arap Cumhuriyeti Cumhurba\u015fkan\u0131 Say\u0131n Ahmed El \u015eara, bug\u00fcn Almanya \u015eans\u00f6lyesi Say\u0131n Olaf Scholz&#8217;dan bir telefon ald\u0131. Schultz, Suriye Cumhurba\u015fkan\u0131 Ahmed El \u015eara&#8217;n\u0131n cumhurba\u015fkanl\u0131\u011f\u0131 g\u00f6revini \u00fcstlenmesini tebrik ederek konu\u015fmas\u0131na ba\u015flad\u0131 ve su\u00e7lu Esad rejiminden kurtulup Suriye halk\u0131n\u0131n \u00f6zg\u00fcrl\u00fc\u011fe kavu\u015fmas\u0131ndan duydu\u011fu mutlulu\u011fu dile getirdi. Schultz ayr\u0131ca, yeni y\u00f6netimin toplumsal ve siyasal alanda i\u00e7 &hellip;<\/p>\n","protected":false},"author":44,"featured_media":315140,"comment_status":"closed","ping_status":"closed","sticky":false,"template":"","format":"standard","meta":{"footnotes":""},"categories":[606,589,605],"tags":[43314,43315],"class_list":["post-315139","post","type-post","status-publish","format-standard","has-post-thumbnail","","category-cumhurbaskani","category-haber-seridi","category-sayin-cumhurbaskani","tag-almanya-sansolyesi","tag-cumhurbaskani-el-sara-ile-yaptigi-telefon-gorusmesinde-ulkesinin-suriyedeki-yeni-yonetime-destegini-teyit-etti"],"_links":{"self":[{"href":"https:\/\/archive.sana.sy\/tr\/index.php?rest_route=\/wp\/v2\/posts\/315139","targetHints":{"allow":["GET"]}}],"collection":[{"href":"https:\/\/archive.sana.sy\/tr\/index.php?rest_route=\/wp\/v2\/posts"}],"about":[{"href":"https:\/\/archive.sana.sy\/tr\/index.php?rest_route=\/wp\/v2\/types\/post"}],"author":[{"embeddable":true,"href":"https:\/\/archive.sana.sy\/tr\/index.php?rest_route=\/wp\/v2\/users\/44"}],"replies":[{"embeddable":true,"href":"https:\/\/archive.sana.sy\/tr\/index.php?rest_route=%2Fwp%2Fv2%2Fcomments&post=315139"}],"version-history":[{"count":1,"href":"https:\/\/archive.sana.sy\/tr\/index.php?rest_route=\/wp\/v2\/posts\/315139\/revisions"}],"predecessor-version":[{"id":315141,"href":"https:\/\/archive.sana.sy\/tr\/index.php?rest_route=\/wp\/v2\/posts\/315139\/revisions\/315141"}],"wp:featuredmedia":[{"embeddable":true,"href":"https:\/\/archive.sana.sy\/tr\/index.php?rest_route=\/wp\/v2\/media\/315140"}],"wp:attachment":[{"href":"https:\/\/archive.sana.sy\/tr\/index.php?rest_route=%2Fwp%2Fv2%2Fmedia&parent=315139"}],"wp:term":[{"taxonomy":"category","embeddable":true,"href":"https:\/\/archive.sana.sy\/tr\/index.php?rest_route=%2Fwp%2Fv2%2Fcategories&post=315139"},{"taxonomy":"post_tag","embeddable":true,"href":"https:\/\/archive.sana.sy\/tr\/index.php?rest_route=%2Fwp%2Fv2%2Ftags&post=315139"}],"curies":[{"name":"wp","href":"https:\/\/api.w.org\/{rel}","templated":true}]}}