{"id":315145,"date":"2025-02-08T09:31:27","date_gmt":"2025-02-08T06:31:27","guid":{"rendered":"https:\/\/sana.sy\/tr\/?p=315145"},"modified":"2025-02-08T09:31:27","modified_gmt":"2025-02-08T06:31:27","slug":"erdogan-macron-ile-yaptigi-telefon-gorusmesinde-suriyeye-yonelik-yaptirimlarin-tamamen-kaldirilmasi-gerektigini-vurguladi","status":"publish","type":"post","link":"https:\/\/archive.sana.sy\/tr\/?p=315145","title":{"rendered":"Erdo\u011fan, Macron Ile Yapt\u0131\u011f\u0131 Telefon G\u00f6r\u00fc\u015fmesinde Suriye&#8217;ye Y\u00f6nelik Yapt\u0131r\u0131mlar\u0131n Tamamen Kald\u0131r\u0131lmas\u0131 Gerekti\u011fini Vurgulad\u0131"},"content":{"rendered":"<p><span style=\"color: #800000;\"><strong>ANKARA <\/strong><strong>(SANA)<\/strong> &#8211;<\/span> T\u00fcrkiye Cumhurba\u015fkan\u0131 Recep Tayyip Erdo\u011fan, Suriye&#8217;ye y\u00f6nelik yapt\u0131r\u0131mlar\u0131n tamamen kald\u0131r\u0131lmas\u0131 gerekti\u011fini vurgulad\u0131.<\/p>\n<p>T\u00fcrkiye Cumhurba\u015fkanl\u0131\u011f\u0131, &#8221;Cumhurba\u015fkan\u0131 Erdo\u011fan&#8217;\u0131n, bug\u00fcn Frans\u0131z mevkida\u015f\u0131 Emmanuel Macron ile yapt\u0131\u011f\u0131 telefon g\u00f6r\u00fc\u015fmesinde, Avrupa Birli\u011fi&#8217;nin Suriye&#8217;ye y\u00f6nelik yapt\u0131r\u0131mlar\u0131 ask\u0131ya almas\u0131n\u0131n ve yeni d\u00f6nemde tamamen kald\u0131rmas\u0131n\u0131n \u00f6nemini vurgulayarak, T\u00fcrkiye&#8217;nin Suriye&#8217;ye deste\u011fini kesintisiz s\u00fcrd\u00fcrece\u011fini kaydetti\u011fini aktard\u0131.<\/p>\n<p>T\u00fcrkiye ile Fransa aras\u0131ndaki diyalo\u011fun art\u0131r\u0131lmas\u0131n\u0131n ili\u015fkilerin g\u00fc\u00e7lenmesine olumlu katk\u0131 sa\u011flayaca\u011f\u0131n\u0131 belirten Erdo\u011fan, iki \u00fclkenin savunma sanayii ba\u015fta olmak \u00fczere bir\u00e7ok alanda b\u00fcy\u00fck i\u015f birli\u011fi potansiyeline sahip oldu\u011funu ifade etti.<\/p>\n","protected":false},"excerpt":{"rendered":"<p>ANKARA (SANA) &#8211; T\u00fcrkiye Cumhurba\u015fkan\u0131 Recep Tayyip Erdo\u011fan, Suriye&#8217;ye y\u00f6nelik yapt\u0131r\u0131mlar\u0131n tamamen kald\u0131r\u0131lmas\u0131 gerekti\u011fini vurgulad\u0131. T\u00fcrkiye Cumhurba\u015fkanl\u0131\u011f\u0131, &#8221;Cumhurba\u015fkan\u0131 Erdo\u011fan&#8217;\u0131n, bug\u00fcn Frans\u0131z mevkida\u015f\u0131 Emmanuel Macron ile yapt\u0131\u011f\u0131 telefon g\u00f6r\u00fc\u015fmesinde, Avrupa Birli\u011fi&#8217;nin Suriye&#8217;ye y\u00f6nelik yapt\u0131r\u0131mlar\u0131 ask\u0131ya almas\u0131n\u0131n ve yeni d\u00f6nemde tamamen kald\u0131rmas\u0131n\u0131n \u00f6nemini vurgulayarak, T\u00fcrkiye&#8217;nin Suriye&#8217;ye deste\u011fini kesintisiz s\u00fcrd\u00fcrece\u011fini kaydetti\u011fini aktard\u0131. T\u00fcrkiye ile Fransa aras\u0131ndaki diyalo\u011fun art\u0131r\u0131lmas\u0131n\u0131n &hellip;<\/p>\n","protected":false},"author":44,"featured_media":315146,"comment_status":"closed","ping_status":"closed","sticky":false,"template":"","format":"standard","meta":{"footnotes":""},"categories":[458,589,459,17988],"tags":[9401,43317],"class_list":["post-315145","post","type-post","status-publish","format-standard","has-post-thumbnail","","category-dunya1","category-haber-seridi","category-haberler-arap-uluslararasi-politika","category-son-haberler","tag-erdogan","tag-macron-ile-yaptigi-telefon-gorusmesinde-suriyeye-yonelik-yaptirimlarin-tamamen-kaldirilmasi-gerektigini-vurguladi"],"_links":{"self":[{"href":"https:\/\/archive.sana.sy\/tr\/index.php?rest_route=\/wp\/v2\/posts\/315145","targetHints":{"allow":["GET"]}}],"collection":[{"href":"https:\/\/archive.sana.sy\/tr\/index.php?rest_route=\/wp\/v2\/posts"}],"about":[{"href":"https:\/\/archive.sana.sy\/tr\/index.php?rest_route=\/wp\/v2\/types\/post"}],"author":[{"embeddable":true,"href":"https:\/\/archive.sana.sy\/tr\/index.php?rest_route=\/wp\/v2\/users\/44"}],"replies":[{"embeddable":true,"href":"https:\/\/archive.sana.sy\/tr\/index.php?rest_route=%2Fwp%2Fv2%2Fcomments&post=315145"}],"version-history":[{"count":1,"href":"https:\/\/archive.sana.sy\/tr\/index.php?rest_route=\/wp\/v2\/posts\/315145\/revisions"}],"predecessor-version":[{"id":315147,"href":"https:\/\/archive.sana.sy\/tr\/index.php?rest_route=\/wp\/v2\/posts\/315145\/revisions\/315147"}],"wp:featuredmedia":[{"embeddable":true,"href":"https:\/\/archive.sana.sy\/tr\/index.php?rest_route=\/wp\/v2\/media\/315146"}],"wp:attachment":[{"href":"https:\/\/archive.sana.sy\/tr\/index.php?rest_route=%2Fwp%2Fv2%2Fmedia&parent=315145"}],"wp:term":[{"taxonomy":"category","embeddable":true,"href":"https:\/\/archive.sana.sy\/tr\/index.php?rest_route=%2Fwp%2Fv2%2Fcategories&post=315145"},{"taxonomy":"post_tag","embeddable":true,"href":"https:\/\/archive.sana.sy\/tr\/index.php?rest_route=%2Fwp%2Fv2%2Ftags&post=315145"}],"curies":[{"name":"wp","href":"https:\/\/api.w.org\/{rel}","templated":true}]}}