{"id":315148,"date":"2025-02-08T09:33:45","date_gmt":"2025-02-08T06:33:45","guid":{"rendered":"https:\/\/sana.sy\/tr\/?p=315148"},"modified":"2025-02-08T09:33:45","modified_gmt":"2025-02-08T06:33:45","slug":"disisleri-bakani-guney-kore-heyetine-yeni-bir-sayfa-acmak-ve-iki-halkin-cikarlarina-hizmet-eden-iliskiler-kurmak-icin-calisilmasi-gerektigini-vurguladi","status":"publish","type":"post","link":"https:\/\/archive.sana.sy\/tr\/?p=315148","title":{"rendered":"D\u0131\u015fi\u015fleri Bakan\u0131, G\u00fcney Kore Heyetine Yeni Bir Sayfa A\u00e7mak Ve \u0130ki Halk\u0131n \u00c7\u0131karlar\u0131na Hizmet Eden \u0130li\u015fkiler Kurmak \u0130\u00e7in \u00c7al\u0131\u015f\u0131lmas\u0131 Gerekti\u011fini Vurgulad\u0131"},"content":{"rendered":"<p style=\"text-align: justify;\"><strong>\u015eAM (SANA) &#8211;\u00a0 <\/strong>D\u0131\u015fi\u015fleri Bakan\u0131 Asaad El \u015eeybani, bug\u00fcn G\u00fcney Kore D\u0131\u015fi\u015fleri Bakanl\u0131\u011f\u0131 Afrika ve Ortado\u011fu \u0130\u015fleri Genel M\u00fcd\u00fcr\u00fc Eun Jung Kim ba\u015fkanl\u0131\u011f\u0131ndaki Kore heyetiyle bir araya geldi.<\/p>\n<p style=\"text-align: justify;\">G\u00fcney Kore heyetini memnuniyetle kar\u015f\u0131layan Bakan, iki halk\u0131n \u00e7\u0131karlar\u0131na hizmet edecek ve Suriye halk\u0131 i\u00e7in g\u00fcvenlik, refah ve bar\u0131\u015f\u0131 sa\u011flayacak \u015fekilde yeni bir sayfa a\u00e7mak ve iyi ili\u015fkiler kurmak i\u00e7in \u00e7al\u0131\u015f\u0131lmas\u0131 gerekti\u011fini vurgulad\u0131.<\/p>\n<p style=\"text-align: justify;\">Eun ise \u00fclkesinin Suriye ile 2003&#8217;ten bu yana ilk kez diplomatik ili\u015fkileri yeniden tesis etme, Suriye&#8217;nin in\u015fas\u0131na destek sa\u011flama, kapsaml\u0131 siyasi ge\u00e7i\u015fi ve ekonomik toparlanmay\u0131 destekleme ve insani yard\u0131m sa\u011flama konusundaki isteklili\u011fini vurgulayarak, G\u00fcney Kore&#8217;nin sava\u015f sonras\u0131 yeniden yap\u0131lanma ve ekonomik b\u00fcy\u00fcme konusunda deneyime sahip oldu\u011funu kaydetti.<\/p>\n<p style=\"text-align: justify;\">G\u00fcney Kore&#8217;nin s\u00f6z konusu ki\u015filere g\u0131da yard\u0131m\u0131 ve sa\u011fl\u0131k deste\u011fi sa\u011flayaca\u011f\u0131, ihtiya\u00e7 halinde de\u011ferlendirme yap\u0131p acil yard\u0131m sa\u011flayaca\u011f\u0131 s\u00f6yleyen Eun, \u00fclkesinin i\u015f d\u00fcnyas\u0131 liderlerini Suriye pazar\u0131n\u0131 ziyaret etmeye ve bu pazarda faaliyet g\u00f6stermeye te\u015fvik etmek i\u00e7in \u00e7al\u0131\u015faca\u011f\u0131n\u0131 ve G\u00fcney Kore&#8217;nin, Suriye halk\u0131na uygulanan yapt\u0131r\u0131mlar\u0131n hafifletilmesi i\u00e7in elinden geleni yapaca\u011f\u0131n\u0131 vurgulad\u0131.<\/p>\n","protected":false},"excerpt":{"rendered":"<p>\u015eAM (SANA) &#8211;\u00a0 D\u0131\u015fi\u015fleri Bakan\u0131 Asaad El \u015eeybani, bug\u00fcn G\u00fcney Kore D\u0131\u015fi\u015fleri Bakanl\u0131\u011f\u0131 Afrika ve Ortado\u011fu \u0130\u015fleri Genel M\u00fcd\u00fcr\u00fc Eun Jung Kim ba\u015fkanl\u0131\u011f\u0131ndaki Kore heyetiyle bir araya geldi. G\u00fcney Kore heyetini memnuniyetle kar\u015f\u0131layan Bakan, iki halk\u0131n \u00e7\u0131karlar\u0131na hizmet edecek ve Suriye halk\u0131 i\u00e7in g\u00fcvenlik, refah ve bar\u0131\u015f\u0131 sa\u011flayacak \u015fekilde yeni bir sayfa a\u00e7mak ve iyi &hellip;<\/p>\n","protected":false},"author":44,"featured_media":315149,"comment_status":"closed","ping_status":"closed","sticky":false,"template":"","format":"standard","meta":{"footnotes":""},"categories":[589,479,17988,478],"tags":[19199,43318],"class_list":["post-315148","post","type-post","status-publish","format-standard","has-post-thumbnail","","category-haber-seridi","category-haberler-yerel","category-son-haberler","category-yerel","tag-disisleri-bakani","tag-guney-kore-heyetine-yeni-bir-sayfa-acmak-ve-iki-halkin-cikarlarina-hizmet-eden-iliskiler-kurmak-icin-calisilmasi-gerektigini-vurguladi"],"_links":{"self":[{"href":"https:\/\/archive.sana.sy\/tr\/index.php?rest_route=\/wp\/v2\/posts\/315148","targetHints":{"allow":["GET"]}}],"collection":[{"href":"https:\/\/archive.sana.sy\/tr\/index.php?rest_route=\/wp\/v2\/posts"}],"about":[{"href":"https:\/\/archive.sana.sy\/tr\/index.php?rest_route=\/wp\/v2\/types\/post"}],"author":[{"embeddable":true,"href":"https:\/\/archive.sana.sy\/tr\/index.php?rest_route=\/wp\/v2\/users\/44"}],"replies":[{"embeddable":true,"href":"https:\/\/archive.sana.sy\/tr\/index.php?rest_route=%2Fwp%2Fv2%2Fcomments&post=315148"}],"version-history":[{"count":1,"href":"https:\/\/archive.sana.sy\/tr\/index.php?rest_route=\/wp\/v2\/posts\/315148\/revisions"}],"predecessor-version":[{"id":315150,"href":"https:\/\/archive.sana.sy\/tr\/index.php?rest_route=\/wp\/v2\/posts\/315148\/revisions\/315150"}],"wp:featuredmedia":[{"embeddable":true,"href":"https:\/\/archive.sana.sy\/tr\/index.php?rest_route=\/wp\/v2\/media\/315149"}],"wp:attachment":[{"href":"https:\/\/archive.sana.sy\/tr\/index.php?rest_route=%2Fwp%2Fv2%2Fmedia&parent=315148"}],"wp:term":[{"taxonomy":"category","embeddable":true,"href":"https:\/\/archive.sana.sy\/tr\/index.php?rest_route=%2Fwp%2Fv2%2Fcategories&post=315148"},{"taxonomy":"post_tag","embeddable":true,"href":"https:\/\/archive.sana.sy\/tr\/index.php?rest_route=%2Fwp%2Fv2%2Ftags&post=315148"}],"curies":[{"name":"wp","href":"https:\/\/api.w.org\/{rel}","templated":true}]}}