{"id":315158,"date":"2025-02-08T12:53:24","date_gmt":"2025-02-08T09:53:24","guid":{"rendered":"https:\/\/sana.sy\/tr\/?p=315158"},"modified":"2025-02-08T12:53:24","modified_gmt":"2025-02-08T09:53:24","slug":"halepin-dogusunda-meydana-gelen-kara-mayini-patlamasinda-dort-kisi-sehit-bir-kisi-yarali","status":"publish","type":"post","link":"https:\/\/archive.sana.sy\/tr\/?p=315158","title":{"rendered":"Halep&#8217;in Do\u011fusunda Meydana Gelen Kara May\u0131n\u0131 Patlamas\u0131nda D\u00f6rt Ki\u015fi \u015eehit, Bir Ki\u015fi Yaral\u0131"},"content":{"rendered":"<p style=\"text-align: justify;\"><strong><span style=\"color: #800000;\">HALEP (SANA) <\/span>&#8211;<\/strong> Halep&#8217;in do\u011fusundaki El Arime il\u00e7esine ba\u011fl\u0131 Kart Viran Kebir k\u00f6y\u00fcnde d\u00fcn sava\u015ftan kalma bir kara may\u0131n\u0131n\u0131n patlamas\u0131 sonucu 4 ki\u015fi \u015fehit d\u00fc\u015ft\u00fc, bir ki\u015fi yaraland\u0131.<\/p>\n<p style=\"text-align: justify;\">Suriye Sivil Savunma Te\u015fkilat\u0131, Telegram kanal\u0131ndan yapt\u0131\u011f\u0131 a\u00e7\u0131klamada, ekiplerinin b\u00f6lgede inceleme yapt\u0131\u011f\u0131n\u0131 ve may\u0131n tarlas\u0131n\u0131n temizlenece\u011fine dair uyar\u0131 levhalar\u0131 yerle\u015ftirdi\u011fini bildirdi.<\/p>\n","protected":false},"excerpt":{"rendered":"<p>HALEP (SANA) &#8211; Halep&#8217;in do\u011fusundaki El Arime il\u00e7esine ba\u011fl\u0131 Kart Viran Kebir k\u00f6y\u00fcnde d\u00fcn sava\u015ftan kalma bir kara may\u0131n\u0131n\u0131n patlamas\u0131 sonucu 4 ki\u015fi \u015fehit d\u00fc\u015ft\u00fc, bir ki\u015fi yaraland\u0131. Suriye Sivil Savunma Te\u015fkilat\u0131, Telegram kanal\u0131ndan yapt\u0131\u011f\u0131 a\u00e7\u0131klamada, ekiplerinin b\u00f6lgede inceleme yapt\u0131\u011f\u0131n\u0131 ve may\u0131n tarlas\u0131n\u0131n temizlenece\u011fine dair uyar\u0131 levhalar\u0131 yerle\u015ftirdi\u011fini bildirdi.<\/p>\n","protected":false},"author":44,"featured_media":315159,"comment_status":"closed","ping_status":"closed","sticky":false,"template":"","format":"standard","meta":{"footnotes":""},"categories":[589,479,575,17988,478],"tags":[],"class_list":["post-315158","post","type-post","status-publish","format-standard","has-post-thumbnail","","category-haber-seridi","category-haberler-yerel","category-olaylar-ve-gercekler","category-son-haberler","category-yerel"],"_links":{"self":[{"href":"https:\/\/archive.sana.sy\/tr\/index.php?rest_route=\/wp\/v2\/posts\/315158","targetHints":{"allow":["GET"]}}],"collection":[{"href":"https:\/\/archive.sana.sy\/tr\/index.php?rest_route=\/wp\/v2\/posts"}],"about":[{"href":"https:\/\/archive.sana.sy\/tr\/index.php?rest_route=\/wp\/v2\/types\/post"}],"author":[{"embeddable":true,"href":"https:\/\/archive.sana.sy\/tr\/index.php?rest_route=\/wp\/v2\/users\/44"}],"replies":[{"embeddable":true,"href":"https:\/\/archive.sana.sy\/tr\/index.php?rest_route=%2Fwp%2Fv2%2Fcomments&post=315158"}],"version-history":[{"count":1,"href":"https:\/\/archive.sana.sy\/tr\/index.php?rest_route=\/wp\/v2\/posts\/315158\/revisions"}],"predecessor-version":[{"id":315160,"href":"https:\/\/archive.sana.sy\/tr\/index.php?rest_route=\/wp\/v2\/posts\/315158\/revisions\/315160"}],"wp:featuredmedia":[{"embeddable":true,"href":"https:\/\/archive.sana.sy\/tr\/index.php?rest_route=\/wp\/v2\/media\/315159"}],"wp:attachment":[{"href":"https:\/\/archive.sana.sy\/tr\/index.php?rest_route=%2Fwp%2Fv2%2Fmedia&parent=315158"}],"wp:term":[{"taxonomy":"category","embeddable":true,"href":"https:\/\/archive.sana.sy\/tr\/index.php?rest_route=%2Fwp%2Fv2%2Fcategories&post=315158"},{"taxonomy":"post_tag","embeddable":true,"href":"https:\/\/archive.sana.sy\/tr\/index.php?rest_route=%2Fwp%2Fv2%2Ftags&post=315158"}],"curies":[{"name":"wp","href":"https:\/\/api.w.org\/{rel}","templated":true}]}}