{"id":315161,"date":"2025-02-08T14:11:42","date_gmt":"2025-02-08T11:11:42","guid":{"rendered":"https:\/\/sana.sy\/tr\/?p=315161"},"modified":"2025-02-10T17:46:34","modified_gmt":"2025-02-10T14:46:34","slug":"cumhurbaskani-el-sara-ve-disisleri-bakani-kimyasal-silahlarin-yasaklanmasi-orgutunden-bir-heyeti-kabul-etti","status":"publish","type":"post","link":"https:\/\/archive.sana.sy\/tr\/?p=315161","title":{"rendered":"Cumhurba\u015fkan\u0131 El \u015eara Ve D\u0131\u015fi\u015fleri Bakan\u0131, Kimyasal Silahlar\u0131n Yasaklanmas\u0131 \u00d6rg\u00fct\u00fc&#8217;nden Bir Heyeti Kabul Etti"},"content":{"rendered":"<p style=\"text-align: justify;\"><strong><span style=\"color: #800000;\">\u015eAM (SANA) <\/span>&#8211;<\/strong> Cumhurba\u015fkan\u0131 Say\u0131n Ahmed El \u015eara ve D\u0131\u015fi\u015fleri Bakan\u0131 Asaad El \u015eeybani, Kimyasal Silahlar\u0131n Yasaklanmas\u0131 \u00d6rg\u00fct\u00fc Genel Direkt\u00f6r\u00fc Fernando Gonzalez ba\u015fkanl\u0131\u011f\u0131ndaki bir heyeti kabul etti.<\/p>\n<div id='gallery-1' class='gallery galleryid-315161 gallery-columns-1 gallery-size-full'><figure class='gallery-item'>\n\t\t\t<div class='gallery-icon landscape'>\n\t\t\t\t<a href='https:\/\/archive.sana.sy\/tr\/?attachment_id=315163'><img loading=\"lazy\" decoding=\"async\" width=\"1280\" height=\"718\" src=\"https:\/\/archive.sana.sy\/tr\/wp-content\/uploads\/2025\/02\/photo_2025-02-08_13-20-12.jpg\" class=\"attachment-full size-full\" alt=\"\" srcset=\"https:\/\/archive.sana.sy\/tr\/wp-content\/uploads\/2025\/02\/photo_2025-02-08_13-20-12.jpg 1280w, https:\/\/archive.sana.sy\/tr\/wp-content\/uploads\/2025\/02\/photo_2025-02-08_13-20-12-300x168.jpg 300w, https:\/\/archive.sana.sy\/tr\/wp-content\/uploads\/2025\/02\/photo_2025-02-08_13-20-12-1024x574.jpg 1024w, https:\/\/archive.sana.sy\/tr\/wp-content\/uploads\/2025\/02\/photo_2025-02-08_13-20-12-768x431.jpg 768w\" sizes=\"auto, (max-width: 1280px) 100vw, 1280px\" \/><\/a>\n\t\t\t<\/div><\/figure><figure class='gallery-item'>\n\t\t\t<div class='gallery-icon landscape'>\n\t\t\t\t<a href='https:\/\/archive.sana.sy\/tr\/?attachment_id=315164'><img loading=\"lazy\" decoding=\"async\" width=\"1280\" height=\"718\" src=\"https:\/\/archive.sana.sy\/tr\/wp-content\/uploads\/2025\/02\/photo_2025-02-08_13-20-00.jpg\" class=\"attachment-full size-full\" alt=\"\" srcset=\"https:\/\/archive.sana.sy\/tr\/wp-content\/uploads\/2025\/02\/photo_2025-02-08_13-20-00.jpg 1280w, https:\/\/archive.sana.sy\/tr\/wp-content\/uploads\/2025\/02\/photo_2025-02-08_13-20-00-300x168.jpg 300w, https:\/\/archive.sana.sy\/tr\/wp-content\/uploads\/2025\/02\/photo_2025-02-08_13-20-00-1024x574.jpg 1024w, https:\/\/archive.sana.sy\/tr\/wp-content\/uploads\/2025\/02\/photo_2025-02-08_13-20-00-768x431.jpg 768w\" sizes=\"auto, (max-width: 1280px) 100vw, 1280px\" \/><\/a>\n\t\t\t<\/div><\/figure>\n\t\t<\/div>\n\n","protected":false},"excerpt":{"rendered":"<p>\u015eAM (SANA) &#8211; Cumhurba\u015fkan\u0131 Say\u0131n Ahmed El \u015eara ve D\u0131\u015fi\u015fleri Bakan\u0131 Asaad El \u015eeybani, Kimyasal Silahlar\u0131n Yasaklanmas\u0131 \u00d6rg\u00fct\u00fc Genel Direkt\u00f6r\u00fc Fernando Gonzalez ba\u015fkanl\u0131\u011f\u0131ndaki bir heyeti kabul etti.<\/p>\n","protected":false},"author":44,"featured_media":315162,"comment_status":"closed","ping_status":"closed","sticky":false,"template":"","format":"standard","meta":{"footnotes":""},"categories":[606,589,605],"tags":[],"class_list":["post-315161","post","type-post","status-publish","format-standard","has-post-thumbnail","","category-cumhurbaskani","category-haber-seridi","category-sayin-cumhurbaskani"],"_links":{"self":[{"href":"https:\/\/archive.sana.sy\/tr\/index.php?rest_route=\/wp\/v2\/posts\/315161","targetHints":{"allow":["GET"]}}],"collection":[{"href":"https:\/\/archive.sana.sy\/tr\/index.php?rest_route=\/wp\/v2\/posts"}],"about":[{"href":"https:\/\/archive.sana.sy\/tr\/index.php?rest_route=\/wp\/v2\/types\/post"}],"author":[{"embeddable":true,"href":"https:\/\/archive.sana.sy\/tr\/index.php?rest_route=\/wp\/v2\/users\/44"}],"replies":[{"embeddable":true,"href":"https:\/\/archive.sana.sy\/tr\/index.php?rest_route=%2Fwp%2Fv2%2Fcomments&post=315161"}],"version-history":[{"count":1,"href":"https:\/\/archive.sana.sy\/tr\/index.php?rest_route=\/wp\/v2\/posts\/315161\/revisions"}],"predecessor-version":[{"id":315165,"href":"https:\/\/archive.sana.sy\/tr\/index.php?rest_route=\/wp\/v2\/posts\/315161\/revisions\/315165"}],"wp:featuredmedia":[{"embeddable":true,"href":"https:\/\/archive.sana.sy\/tr\/index.php?rest_route=\/wp\/v2\/media\/315162"}],"wp:attachment":[{"href":"https:\/\/archive.sana.sy\/tr\/index.php?rest_route=%2Fwp%2Fv2%2Fmedia&parent=315161"}],"wp:term":[{"taxonomy":"category","embeddable":true,"href":"https:\/\/archive.sana.sy\/tr\/index.php?rest_route=%2Fwp%2Fv2%2Fcategories&post=315161"},{"taxonomy":"post_tag","embeddable":true,"href":"https:\/\/archive.sana.sy\/tr\/index.php?rest_route=%2Fwp%2Fv2%2Ftags&post=315161"}],"curies":[{"name":"wp","href":"https:\/\/api.w.org\/{rel}","templated":true}]}}