{"id":315232,"date":"2025-02-11T10:21:56","date_gmt":"2025-02-11T07:21:56","guid":{"rendered":"https:\/\/sana.sy\/tr\/?p=315232"},"modified":"2025-02-11T15:13:15","modified_gmt":"2025-02-11T12:13:15","slug":"bm-yetkilisi-eski-rejimin-yonetimi-sirasinda-kaybolanlarin-akibetini-bilmek-suriyede-kalici-barisa-dogru-atilacak-ilk-adimdir","status":"publish","type":"post","link":"https:\/\/archive.sana.sy\/tr\/?p=315232","title":{"rendered":"BM Yetkilisi: Eski Rejimin Y\u00f6netimi S\u0131ras\u0131nda Kaybolanlar\u0131n Ak\u0131betini Bilmek, Suriye&#8217;de Kal\u0131c\u0131 Bar\u0131\u015fa Do\u011fru At\u0131lacak \u0130lk Ad\u0131md\u0131r"},"content":{"rendered":"<p style=\"text-align: justify;\"><strong><span style=\"color: #800000;\">CENEVRE (SANA)<\/span> &#8211; <\/strong>Suriye&#8217;deki Ba\u011f\u0131ms\u0131z Kay\u0131p Ki\u015filer Vakf\u0131 ba\u015fkan\u0131 Carla Quintana, devrik rejimin y\u00f6netimi s\u0131ras\u0131nda kay\u0131p ki\u015filerin ak\u0131betini bilmenin \u00fclkede kal\u0131c\u0131 bar\u0131\u015fa ula\u015fma yolunda ilk ad\u0131m oldu\u011funu belirtti.<\/p>\n<p style=\"text-align: justify;\">Birle\u015fmi\u015f Milletler Haber Merkezi&#8217;nin bildirdi\u011fine g\u00f6re Quintana, Suriye&#8217;ye yapt\u0131\u011f\u0131 ilk ziyaretin sonunda, a\u011f\u0131r insan haklar\u0131 ihlalleriyle karakterize edilen 14 y\u0131ll\u0131k sava\u015f da dahil olmak \u00fczere eski rejimin elli y\u0131ldan fazla s\u00fcren y\u00f6netiminin ard\u0131ndan ya\u015fanan trajedinin boyutunun fark\u0131na var\u0131lmas\u0131 gerekti\u011fini vurgulad\u0131.<\/p>\n<p style=\"text-align: justify;\">Quintana ayr\u0131ca, &#8220;Suriye&#8217;deki umut dolu yeni ger\u00e7eklik, daha \u00f6nce hayal bile edilemeyen on binlerce kay\u0131p ki\u015finin aranmas\u0131na y\u00f6nelik f\u0131rsatlar\u0131 g\u00f6stermeye ba\u015flad\u0131&#8221; dedi.<\/p>\n<p style=\"text-align: justify;\">Ailelerin sevdiklerinin ba\u015f\u0131na gelenler hakk\u0131ndaki ger\u00e7e\u011fi bilme hakk\u0131n\u0131n yerine getirilmesi gerekti\u011fine dikkat \u00e7eken Quintana, \u00a0vakf\u0131n, Suriye&#8217;de kolektif haf\u0131za olu\u015fturma ve erken iyile\u015fmeyi te\u015fvik etme \u00e7abalar\u0131na paralel olarak, kay\u0131p ki\u015filerin kaderini belirlemeye y\u00f6nelik uluslararas\u0131 ve yerel \u00e7abalar\u0131 destekleme konusundaki kararl\u0131l\u0131\u011f\u0131n\u0131 ifade etti.<\/p>\n<p style=\"text-align: justify;\">Quintana a\u00e7\u0131klamas\u0131nda da, Suriye h\u00fck\u00fcmet kurumlar\u0131n\u0131n g\u00f6sterdi\u011fi i\u015fbirli\u011finden ve kay\u0131p ki\u015filerin ak\u0131betini ortaya \u00e7\u0131karmak i\u00e7in \u00e7abalar\u0131n koordine edilmesinin gereklili\u011fini tart\u0131\u015fmaya a\u00e7\u0131k olmas\u0131ndan duydu\u011fu memnuniyeti dile getirirken, \u00f6n\u00fcm\u00fczdeki haftalarda Vakf\u0131n, ger\u00e7e\u011fi arama \u00e7abalar\u0131n\u0131 birle\u015ftirmek ve kay\u0131plar\u0131n ak\u0131betini ortaya \u00e7\u0131karmaya yard\u0131mc\u0131 olmak amac\u0131yla yetkililer ve ailelerle g\u00f6r\u00fc\u015fmek \u00fczere Suriyeli yetkililere bir proje sunaca\u011f\u0131n\u0131 belirtti.<\/p>\n","protected":false},"excerpt":{"rendered":"<p>CENEVRE (SANA) &#8211; Suriye&#8217;deki Ba\u011f\u0131ms\u0131z Kay\u0131p Ki\u015filer Vakf\u0131 ba\u015fkan\u0131 Carla Quintana, devrik rejimin y\u00f6netimi s\u0131ras\u0131nda kay\u0131p ki\u015filerin ak\u0131betini bilmenin \u00fclkede kal\u0131c\u0131 bar\u0131\u015fa ula\u015fma yolunda ilk ad\u0131m oldu\u011funu belirtti. Birle\u015fmi\u015f Milletler Haber Merkezi&#8217;nin bildirdi\u011fine g\u00f6re Quintana, Suriye&#8217;ye yapt\u0131\u011f\u0131 ilk ziyaretin sonunda, a\u011f\u0131r insan haklar\u0131 ihlalleriyle karakterize edilen 14 y\u0131ll\u0131k sava\u015f da dahil olmak \u00fczere eski rejimin &hellip;<\/p>\n","protected":false},"author":36,"featured_media":315234,"comment_status":"closed","ping_status":"closed","sticky":false,"template":"","format":"standard","meta":{"footnotes":""},"categories":[458,589,459,17988],"tags":[],"class_list":["post-315232","post","type-post","status-publish","format-standard","has-post-thumbnail","","category-dunya1","category-haber-seridi","category-haberler-arap-uluslararasi-politika","category-son-haberler"],"_links":{"self":[{"href":"https:\/\/archive.sana.sy\/tr\/index.php?rest_route=\/wp\/v2\/posts\/315232","targetHints":{"allow":["GET"]}}],"collection":[{"href":"https:\/\/archive.sana.sy\/tr\/index.php?rest_route=\/wp\/v2\/posts"}],"about":[{"href":"https:\/\/archive.sana.sy\/tr\/index.php?rest_route=\/wp\/v2\/types\/post"}],"author":[{"embeddable":true,"href":"https:\/\/archive.sana.sy\/tr\/index.php?rest_route=\/wp\/v2\/users\/36"}],"replies":[{"embeddable":true,"href":"https:\/\/archive.sana.sy\/tr\/index.php?rest_route=%2Fwp%2Fv2%2Fcomments&post=315232"}],"version-history":[{"count":3,"href":"https:\/\/archive.sana.sy\/tr\/index.php?rest_route=\/wp\/v2\/posts\/315232\/revisions"}],"predecessor-version":[{"id":315265,"href":"https:\/\/archive.sana.sy\/tr\/index.php?rest_route=\/wp\/v2\/posts\/315232\/revisions\/315265"}],"wp:featuredmedia":[{"embeddable":true,"href":"https:\/\/archive.sana.sy\/tr\/index.php?rest_route=\/wp\/v2\/media\/315234"}],"wp:attachment":[{"href":"https:\/\/archive.sana.sy\/tr\/index.php?rest_route=%2Fwp%2Fv2%2Fmedia&parent=315232"}],"wp:term":[{"taxonomy":"category","embeddable":true,"href":"https:\/\/archive.sana.sy\/tr\/index.php?rest_route=%2Fwp%2Fv2%2Fcategories&post=315232"},{"taxonomy":"post_tag","embeddable":true,"href":"https:\/\/archive.sana.sy\/tr\/index.php?rest_route=%2Fwp%2Fv2%2Ftags&post=315232"}],"curies":[{"name":"wp","href":"https:\/\/api.w.org\/{rel}","templated":true}]}}