{"id":315236,"date":"2025-02-11T10:33:50","date_gmt":"2025-02-11T07:33:50","guid":{"rendered":"https:\/\/sana.sy\/tr\/?p=315236"},"modified":"2025-02-11T15:11:00","modified_gmt":"2025-02-11T12:11:00","slug":"egitim-bakanligi-norvec-multeci-konseyi-ile-acil-durumlarda-ogrencilerin-iyilesmesini-desteklemeye-yonelik-bir-kilavuz-uzerinde-gorustu","status":"publish","type":"post","link":"https:\/\/archive.sana.sy\/tr\/?p=315236","title":{"rendered":"E\u011fitim Bakanl\u0131\u011f\u0131, Norve\u00e7 M\u00fclteci Konseyi \u0130le Acil Durumlarda \u00d6\u011frencilerin \u0130yile\u015fmesini Desteklemeye Y\u00f6nelik Bir K\u0131lavuz \u00dczerinde G\u00f6r\u00fc\u015ft\u00fc"},"content":{"rendered":"<p style=\"text-align: justify;\"><strong><span style=\"color: #800000;\">\u015eAM (SANA)<\/span> &#8211; <\/strong>E\u011fitim Bakanl\u0131\u011f\u0131&#8217;ndan bir heyet, Norve\u00e7 M\u00fclteci Konseyi &#8220;NRC&#8221; ile &#8220;Daha \u0130yi E\u011fitim&#8221; program\u0131 kapsam\u0131nda acil durumlarda \u00f6\u011frencilerin iyile\u015fmesini desteklemeye y\u00f6nelik k\u0131lavuzu g\u00f6r\u00fc\u015ft\u00fc. \u200f<\/p>\n<p style=\"text-align: justify;\"><img loading=\"lazy\" decoding=\"async\" class=\"size-medium wp-image-315238 alignright\" src=\"http:\/\/sana.sy\/tr\/wp-content\/uploads\/2025\/02\/3-6-300x169.jpg\" alt=\"\" width=\"300\" height=\"169\" srcset=\"https:\/\/archive.sana.sy\/tr\/wp-content\/uploads\/2025\/02\/3-6-300x169.jpg 300w, https:\/\/archive.sana.sy\/tr\/wp-content\/uploads\/2025\/02\/3-6.jpg 660w\" sizes=\"auto, (max-width: 300px) 100vw, 300px\" \/>\u015eam&#8217;daki Bakanl\u0131k binas\u0131nda yap\u0131lan toplant\u0131da iki taraf, k\u0131lavuzun ayr\u0131nt\u0131lar\u0131n\u0131 ve M\u00fcfredat M\u00fcd\u00fcrl\u00fc\u011f\u00fc taraf\u0131ndan onaylanmas\u0131, Suriye okullar\u0131nda da\u011f\u0131t\u0131lmas\u0131 ve i\u00e7eri\u011fi \u00fczerinde \u00e7al\u0131\u015f\u0131lmas\u0131 i\u00e7in sunulan de\u011fi\u015fiklikleri g\u00f6r\u00fc\u015ft\u00fc.<\/p>\n<p style=\"text-align: justify;\">E\u011fitim Bakanl\u0131\u011f\u0131 Planlama ve Uluslararas\u0131 \u0130\u015fbirli\u011fi Direkt\u00f6r\u00fc Yusuf Anan, k\u0131lavuzun \u00fc\u00e7 d\u00fczeyden olu\u015ftu\u011funu, ilkinin t\u00fcm \u00f6\u011frenciler i\u00e7in kapsaml\u0131 oldu\u011funu ve onlar\u0131n daha iyi \u00f6\u011frenmelerine yard\u0131mc\u0131 olmay\u0131 ama\u00e7lad\u0131\u011f\u0131n\u0131, ikincisinin ise akademik boyuta odakland\u0131\u011f\u0131n\u0131 ve t\u00fcm \u00f6\u011frencileri kapsamad\u0131\u011f\u0131n\u0131 a\u00e7\u0131klad\u0131.<\/p>\n<p style=\"text-align: justify;\">Anan ayr\u0131ca,&#8221;rehber \u015fu anda deneysel olarak uygulan\u0131yor, \u00e7e\u015fitli okullarda bu konuda e\u011fitim alm\u0131\u015f \u00f6\u011fretim elemanlar\u0131 taraf\u0131ndan uygulan\u0131yor ve sonu\u00e7lar\u0131n de\u011ferlendirilmesinden sonra di\u011fer okullara da\u011f\u0131t\u0131lmas\u0131 ama\u00e7lan\u0131yor&#8221; ifadelerini s\u00f6zlerine ekledi.<\/p>\n","protected":false},"excerpt":{"rendered":"<p>\u015eAM (SANA) &#8211; E\u011fitim Bakanl\u0131\u011f\u0131&#8217;ndan bir heyet, Norve\u00e7 M\u00fclteci Konseyi &#8220;NRC&#8221; ile &#8220;Daha \u0130yi E\u011fitim&#8221; program\u0131 kapsam\u0131nda acil durumlarda \u00f6\u011frencilerin iyile\u015fmesini desteklemeye y\u00f6nelik k\u0131lavuzu g\u00f6r\u00fc\u015ft\u00fc. \u200f \u015eam&#8217;daki Bakanl\u0131k binas\u0131nda yap\u0131lan toplant\u0131da iki taraf, k\u0131lavuzun ayr\u0131nt\u0131lar\u0131n\u0131 ve M\u00fcfredat M\u00fcd\u00fcrl\u00fc\u011f\u00fc taraf\u0131ndan onaylanmas\u0131, Suriye okullar\u0131nda da\u011f\u0131t\u0131lmas\u0131 ve i\u00e7eri\u011fi \u00fczerinde \u00e7al\u0131\u015f\u0131lmas\u0131 i\u00e7in sunulan de\u011fi\u015fiklikleri g\u00f6r\u00fc\u015ft\u00fc. E\u011fitim Bakanl\u0131\u011f\u0131 Planlama ve &hellip;<\/p>\n","protected":false},"author":36,"featured_media":315237,"comment_status":"closed","ping_status":"closed","sticky":false,"template":"","format":"standard","meta":{"footnotes":""},"categories":[589,479,17988,478],"tags":[],"class_list":["post-315236","post","type-post","status-publish","format-standard","has-post-thumbnail","","category-haber-seridi","category-haberler-yerel","category-son-haberler","category-yerel"],"_links":{"self":[{"href":"https:\/\/archive.sana.sy\/tr\/index.php?rest_route=\/wp\/v2\/posts\/315236","targetHints":{"allow":["GET"]}}],"collection":[{"href":"https:\/\/archive.sana.sy\/tr\/index.php?rest_route=\/wp\/v2\/posts"}],"about":[{"href":"https:\/\/archive.sana.sy\/tr\/index.php?rest_route=\/wp\/v2\/types\/post"}],"author":[{"embeddable":true,"href":"https:\/\/archive.sana.sy\/tr\/index.php?rest_route=\/wp\/v2\/users\/36"}],"replies":[{"embeddable":true,"href":"https:\/\/archive.sana.sy\/tr\/index.php?rest_route=%2Fwp%2Fv2%2Fcomments&post=315236"}],"version-history":[{"count":2,"href":"https:\/\/archive.sana.sy\/tr\/index.php?rest_route=\/wp\/v2\/posts\/315236\/revisions"}],"predecessor-version":[{"id":315263,"href":"https:\/\/archive.sana.sy\/tr\/index.php?rest_route=\/wp\/v2\/posts\/315236\/revisions\/315263"}],"wp:featuredmedia":[{"embeddable":true,"href":"https:\/\/archive.sana.sy\/tr\/index.php?rest_route=\/wp\/v2\/media\/315237"}],"wp:attachment":[{"href":"https:\/\/archive.sana.sy\/tr\/index.php?rest_route=%2Fwp%2Fv2%2Fmedia&parent=315236"}],"wp:term":[{"taxonomy":"category","embeddable":true,"href":"https:\/\/archive.sana.sy\/tr\/index.php?rest_route=%2Fwp%2Fv2%2Fcategories&post=315236"},{"taxonomy":"post_tag","embeddable":true,"href":"https:\/\/archive.sana.sy\/tr\/index.php?rest_route=%2Fwp%2Fv2%2Ftags&post=315236"}],"curies":[{"name":"wp","href":"https:\/\/api.w.org\/{rel}","templated":true}]}}