{"id":315240,"date":"2025-02-11T10:43:11","date_gmt":"2025-02-11T07:43:11","guid":{"rendered":"https:\/\/sana.sy\/tr\/?p=315240"},"modified":"2025-02-11T11:45:59","modified_gmt":"2025-02-11T08:45:59","slug":"disisleri-ve-gurbetciler-bakani-asaad-el-seybani-dubaideki-dunya-hukumeti-zirvesine-katilmak-uzere-birlesik-arap-emirliklerine-geldi","status":"publish","type":"post","link":"https:\/\/archive.sana.sy\/tr\/?p=315240","title":{"rendered":"D\u0131\u015fi\u015fleri ve Gurbet\u00e7iler Bakan\u0131 Asaad El \u015eeybani, Dubai&#8217;deki D\u00fcnya H\u00fck\u00fcmeti Zirvesi&#8217;ne kat\u0131lmak \u00fczere Birle\u015fik Arap Emirlikleri&#8217;ne geldi."},"content":{"rendered":"<p>D\u0131\u015fi\u015fleri ve Gurbet\u00e7iler Bakan\u0131 Asaad El \u015eeybani, Dubai&#8217;deki D\u00fcnya H\u00fck\u00fcmeti Zirvesi&#8217;ne kat\u0131lmak \u00fczere Birle\u015fik Arap Emirlikleri&#8217;ne geldi.<\/p>\n","protected":false},"excerpt":{"rendered":"<p>D\u0131\u015fi\u015fleri ve Gurbet\u00e7iler Bakan\u0131 Asaad El \u015eeybani, Dubai&#8217;deki D\u00fcnya H\u00fck\u00fcmeti Zirvesi&#8217;ne kat\u0131lmak \u00fczere Birle\u015fik Arap Emirlikleri&#8217;ne geldi.<\/p>\n","protected":false},"author":36,"featured_media":0,"comment_status":"closed","ping_status":"closed","sticky":false,"template":"","format":"standard","meta":{"footnotes":""},"categories":[1],"tags":[],"class_list":["post-315240","post","type-post","status-publish","format-standard","","category-news-not-sorted"],"_links":{"self":[{"href":"https:\/\/archive.sana.sy\/tr\/index.php?rest_route=\/wp\/v2\/posts\/315240","targetHints":{"allow":["GET"]}}],"collection":[{"href":"https:\/\/archive.sana.sy\/tr\/index.php?rest_route=\/wp\/v2\/posts"}],"about":[{"href":"https:\/\/archive.sana.sy\/tr\/index.php?rest_route=\/wp\/v2\/types\/post"}],"author":[{"embeddable":true,"href":"https:\/\/archive.sana.sy\/tr\/index.php?rest_route=\/wp\/v2\/users\/36"}],"replies":[{"embeddable":true,"href":"https:\/\/archive.sana.sy\/tr\/index.php?rest_route=%2Fwp%2Fv2%2Fcomments&post=315240"}],"version-history":[{"count":1,"href":"https:\/\/archive.sana.sy\/tr\/index.php?rest_route=\/wp\/v2\/posts\/315240\/revisions"}],"predecessor-version":[{"id":315241,"href":"https:\/\/archive.sana.sy\/tr\/index.php?rest_route=\/wp\/v2\/posts\/315240\/revisions\/315241"}],"wp:attachment":[{"href":"https:\/\/archive.sana.sy\/tr\/index.php?rest_route=%2Fwp%2Fv2%2Fmedia&parent=315240"}],"wp:term":[{"taxonomy":"category","embeddable":true,"href":"https:\/\/archive.sana.sy\/tr\/index.php?rest_route=%2Fwp%2Fv2%2Fcategories&post=315240"},{"taxonomy":"post_tag","embeddable":true,"href":"https:\/\/archive.sana.sy\/tr\/index.php?rest_route=%2Fwp%2Fv2%2Ftags&post=315240"}],"curies":[{"name":"wp","href":"https:\/\/api.w.org\/{rel}","templated":true}]}}