{"id":315242,"date":"2025-02-11T11:45:29","date_gmt":"2025-02-11T08:45:29","guid":{"rendered":"https:\/\/sana.sy\/tr\/?p=315242"},"modified":"2025-02-12T16:34:10","modified_gmt":"2025-02-12T13:34:10","slug":"bakan-el-seybani-dubaideki-dunya-hukumeti-zirvesine-katildi","status":"publish","type":"post","link":"https:\/\/archive.sana.sy\/tr\/?p=315242","title":{"rendered":"Bakan El \u015eeybani&#8217;nin Kat\u0131l\u0131m\u0131yla Dubai&#8217;de D\u00fcnya H\u00fck\u00fcmeti Zirvesi Ba\u015flad\u0131"},"content":{"rendered":"<p style=\"text-align: justify;\"><strong><span style=\"color: #800000;\">DUBA\u0130 (SANA)<\/span> &#8211; <\/strong>2025 D\u00fcnya H\u00fck\u00fcmeti Zirvesi, bug\u00fcn Birle\u015fik Arap Emirlikleri&#8217;nin Dubai kentinde, D\u0131\u015fi\u015fleri ve Gurbet\u00e7iler Bakan\u0131 Asaad El \u015eeybani, devlet ve h\u00fck\u00fcmet ba\u015fkanlar\u0131, uluslararas\u0131 ve b\u00f6lgesel \u00f6rg\u00fctler ve k\u00fcresel kurumlar\u0131n yan\u0131 s\u0131ra k\u00fcresel d\u00fc\u015f\u00fcnce liderleri ve uzmanlardan olu\u015fan elit bir grubun kat\u0131l\u0131m\u0131yla &#8220;Gelece\u011fin H\u00fck\u00fcmetlerini \u00d6ng\u00f6rmek&#8221; slogan\u0131 alt\u0131nda ba\u015flad\u0131.<strong><br \/>\n<\/strong><\/p>\n<p style=\"text-align: justify;\">BAE Haber Ajans\u0131, 12. oturumunda d\u00fczenlenen zirvenin bu ay\u0131n 14&#8217;\u00fcne kadar devam edece\u011fini bildirirken, \u201cYapay Zeka \u00c7a\u011f\u0131nda H\u00fck\u00fcmetler\u201d, \u201cTahmin Etti\u011fimiz Gelecek\u201d ve \u201cAfrika Vizyonlu Yakla\u015fan Ekonomik Devrim\u201d oturumlar\u0131nda h\u00fck\u00fcmet \u00e7al\u0131\u015fmalar\u0131nda ve hayati sekt\u00f6rlerde \u00f6ne \u00e7\u0131kan gelecek e\u011filimleri g\u00f6r\u00fcle\u015fecek.<\/p>\n<p style=\"text-align: justify;\">Zirvede ayr\u0131ca, &#8220;Daha ba\u011flant\u0131l\u0131 bir d\u00fcnya yaratabilir miyiz ?&#8221;, &#8220;Y\u00fckselen k\u00fcresel g\u00fc\u00e7ler&#8221;, &#8220;\u00dclkeler ge\u00e7mi\u015flerinin \u00fcstesinden gelebilir mi?&#8221;, &#8220;Ekonomik ittifaklar k\u00fcresel n\u00fcfuzun gelece\u011fini nas\u0131l y\u00f6nlendirecek&#8221;, &#8220;Teknoloji finans\u0131n kurallar\u0131n\u0131 nas\u0131l yeniden yazacak&#8221; ve &#8220;H\u00fck\u00fcmet verimlili\u011fi&#8221; gibi bir\u00e7ok konunun g\u00f6r\u00fc\u015f\u00fcld\u00fc\u011f\u00fc oturumlara da sahne olacak.<\/p>\n<p style=\"text-align: justify;\">Zirve kapsam\u0131ndaki yan g\u00f6r\u00fc\u015fmelerde Bakan El \u015eeybani, D\u00fcnya Bankas\u0131 Orta Do\u011fu ve Kuzey Afrika Ba\u015fkan Yard\u0131mc\u0131s\u0131 Ousmane Dion ve Uluslararas\u0131 Para Fonu Orta Do\u011fu ve K\u00fc\u00e7\u00fck Asya B\u00f6l\u00fcm\u00fc Direkt\u00f6r\u00fc Jihad Azour ile bir araya geldi. Bunun yan\u0131nda da D\u0131\u015fi\u015fleri Bakan\u0131 Bosna-Hersek Cumhurba\u015fkanl\u0131\u011f\u0131 Konseyi Ba\u015fkan\u0131 Zeljka Civanovic ve Uluslararas\u0131 Ticaret Odas\u0131 Genel Sekreteri John W. H. Denton ile g\u00f6r\u00fc\u015ft\u00fc.<\/p>\n<p style=\"text-align: justify;\">Bakan El \u015eeybani, zirve forumu kapsam\u0131nda BAE Kabine \u0130\u015fleri Bakan\u0131 Muhammed Abdullah El Karkavi ile bir yan g\u00f6r\u00fc\u015fme ger\u00e7ekle\u015ftirdi.<\/p>\n<p style=\"text-align: justify;\">D\u0131\u015fi\u015fleri Bakan\u0131 zirve kapsam\u0131nda da, Birle\u015fik Arap Emirlikleri&#8217;ndeki Suriye toplumu ve Suriyeli i\u015f adamlar\u0131yla da bir araya geldi.<\/p>\n<div id='gallery-1' class='gallery galleryid-315242 gallery-columns-2 gallery-size-medium'><figure class='gallery-item'>\n\t\t\t<div class='gallery-icon landscape'>\n\t\t\t\t<a href='https:\/\/archive.sana.sy\/tr\/?attachment_id=315289'><img loading=\"lazy\" decoding=\"async\" width=\"300\" height=\"169\" src=\"https:\/\/archive.sana.sy\/tr\/wp-content\/uploads\/2025\/02\/photo_2025-02-11_11-59-53-2-300x169.jpg\" class=\"attachment-medium size-medium\" alt=\"\" srcset=\"https:\/\/archive.sana.sy\/tr\/wp-content\/uploads\/2025\/02\/photo_2025-02-11_11-59-53-2-300x169.jpg 300w, https:\/\/archive.sana.sy\/tr\/wp-content\/uploads\/2025\/02\/photo_2025-02-11_11-59-53-2-1024x575.jpg 1024w, https:\/\/archive.sana.sy\/tr\/wp-content\/uploads\/2025\/02\/photo_2025-02-11_11-59-53-2-768x431.jpg 768w, https:\/\/archive.sana.sy\/tr\/wp-content\/uploads\/2025\/02\/photo_2025-02-11_11-59-53-2.jpg 1280w\" sizes=\"auto, (max-width: 300px) 100vw, 300px\" \/><\/a>\n\t\t\t<\/div><\/figure><figure class='gallery-item'>\n\t\t\t<div class='gallery-icon landscape'>\n\t\t\t\t<a href='https:\/\/archive.sana.sy\/tr\/?attachment_id=315290'><img loading=\"lazy\" decoding=\"async\" width=\"300\" height=\"169\" src=\"https:\/\/archive.sana.sy\/tr\/wp-content\/uploads\/2025\/02\/photo_2025-02-11_11-59-53-300x169.jpg\" class=\"attachment-medium size-medium\" alt=\"\" srcset=\"https:\/\/archive.sana.sy\/tr\/wp-content\/uploads\/2025\/02\/photo_2025-02-11_11-59-53-300x169.jpg 300w, https:\/\/archive.sana.sy\/tr\/wp-content\/uploads\/2025\/02\/photo_2025-02-11_11-59-53-1024x575.jpg 1024w, https:\/\/archive.sana.sy\/tr\/wp-content\/uploads\/2025\/02\/photo_2025-02-11_11-59-53-768x431.jpg 768w, https:\/\/archive.sana.sy\/tr\/wp-content\/uploads\/2025\/02\/photo_2025-02-11_11-59-53.jpg 1280w\" sizes=\"auto, (max-width: 300px) 100vw, 300px\" \/><\/a>\n\t\t\t<\/div><\/figure><figure class='gallery-item'>\n\t\t\t<div class='gallery-icon landscape'>\n\t\t\t\t<a href='https:\/\/archive.sana.sy\/tr\/?attachment_id=315287'><img loading=\"lazy\" decoding=\"async\" width=\"300\" height=\"168\" src=\"https:\/\/archive.sana.sy\/tr\/wp-content\/uploads\/2025\/02\/photo_2025-02-11_12-38-00-300x168.jpg\" class=\"attachment-medium size-medium\" alt=\"\" srcset=\"https:\/\/archive.sana.sy\/tr\/wp-content\/uploads\/2025\/02\/photo_2025-02-11_12-38-00-300x168.jpg 300w, https:\/\/archive.sana.sy\/tr\/wp-content\/uploads\/2025\/02\/photo_2025-02-11_12-38-00-1024x574.jpg 1024w, https:\/\/archive.sana.sy\/tr\/wp-content\/uploads\/2025\/02\/photo_2025-02-11_12-38-00-768x431.jpg 768w, https:\/\/archive.sana.sy\/tr\/wp-content\/uploads\/2025\/02\/photo_2025-02-11_12-38-00.jpg 1280w\" sizes=\"auto, (max-width: 300px) 100vw, 300px\" \/><\/a>\n\t\t\t<\/div><\/figure><figure class='gallery-item'>\n\t\t\t<div class='gallery-icon landscape'>\n\t\t\t\t<a href='https:\/\/archive.sana.sy\/tr\/?attachment_id=315288'><img loading=\"lazy\" decoding=\"async\" width=\"300\" height=\"169\" src=\"https:\/\/archive.sana.sy\/tr\/wp-content\/uploads\/2025\/02\/photo_2025-02-11_12-38-00-2-300x169.jpg\" class=\"attachment-medium size-medium\" alt=\"\" srcset=\"https:\/\/archive.sana.sy\/tr\/wp-content\/uploads\/2025\/02\/photo_2025-02-11_12-38-00-2-300x169.jpg 300w, https:\/\/archive.sana.sy\/tr\/wp-content\/uploads\/2025\/02\/photo_2025-02-11_12-38-00-2-1024x575.jpg 1024w, https:\/\/archive.sana.sy\/tr\/wp-content\/uploads\/2025\/02\/photo_2025-02-11_12-38-00-2-768x431.jpg 768w, https:\/\/archive.sana.sy\/tr\/wp-content\/uploads\/2025\/02\/photo_2025-02-11_12-38-00-2.jpg 1280w\" sizes=\"auto, (max-width: 300px) 100vw, 300px\" \/><\/a>\n\t\t\t<\/div><\/figure><figure class='gallery-item'>\n\t\t\t<div class='gallery-icon landscape'>\n\t\t\t\t<a href='https:\/\/archive.sana.sy\/tr\/?attachment_id=315294'><img loading=\"lazy\" decoding=\"async\" width=\"300\" height=\"169\" src=\"https:\/\/archive.sana.sy\/tr\/wp-content\/uploads\/2025\/02\/photo_1_2025-02-11_16-09-10-copy-300x169.jpg\" class=\"attachment-medium size-medium\" alt=\"\" srcset=\"https:\/\/archive.sana.sy\/tr\/wp-content\/uploads\/2025\/02\/photo_1_2025-02-11_16-09-10-copy-300x169.jpg 300w, https:\/\/archive.sana.sy\/tr\/wp-content\/uploads\/2025\/02\/photo_1_2025-02-11_16-09-10-copy.jpg 660w\" sizes=\"auto, (max-width: 300px) 100vw, 300px\" \/><\/a>\n\t\t\t<\/div><\/figure><figure class='gallery-item'>\n\t\t\t<div class='gallery-icon landscape'>\n\t\t\t\t<a href='https:\/\/archive.sana.sy\/tr\/?attachment_id=315295'><img loading=\"lazy\" decoding=\"async\" width=\"300\" height=\"169\" src=\"https:\/\/archive.sana.sy\/tr\/wp-content\/uploads\/2025\/02\/photo_2_2025-02-11_16-09-10-copy-300x169.jpg\" class=\"attachment-medium size-medium\" alt=\"\" srcset=\"https:\/\/archive.sana.sy\/tr\/wp-content\/uploads\/2025\/02\/photo_2_2025-02-11_16-09-10-copy-300x169.jpg 300w, https:\/\/archive.sana.sy\/tr\/wp-content\/uploads\/2025\/02\/photo_2_2025-02-11_16-09-10-copy.jpg 660w\" sizes=\"auto, (max-width: 300px) 100vw, 300px\" \/><\/a>\n\t\t\t<\/div><\/figure><figure class='gallery-item'>\n\t\t\t<div class='gallery-icon landscape'>\n\t\t\t\t<a href='https:\/\/archive.sana.sy\/tr\/?attachment_id=315286'><img loading=\"lazy\" decoding=\"async\" width=\"300\" height=\"169\" src=\"https:\/\/archive.sana.sy\/tr\/wp-content\/uploads\/2025\/02\/photo_2025-02-11_13-44-47-300x169.jpg\" class=\"attachment-medium size-medium\" alt=\"\" srcset=\"https:\/\/archive.sana.sy\/tr\/wp-content\/uploads\/2025\/02\/photo_2025-02-11_13-44-47-300x169.jpg 300w, https:\/\/archive.sana.sy\/tr\/wp-content\/uploads\/2025\/02\/photo_2025-02-11_13-44-47-1024x575.jpg 1024w, https:\/\/archive.sana.sy\/tr\/wp-content\/uploads\/2025\/02\/photo_2025-02-11_13-44-47-768x431.jpg 768w, https:\/\/archive.sana.sy\/tr\/wp-content\/uploads\/2025\/02\/photo_2025-02-11_13-44-47.jpg 1280w\" sizes=\"auto, (max-width: 300px) 100vw, 300px\" \/><\/a>\n\t\t\t<\/div><\/figure><figure class='gallery-item'>\n\t\t\t<div class='gallery-icon landscape'>\n\t\t\t\t<a href='https:\/\/archive.sana.sy\/tr\/?attachment_id=315291'><img loading=\"lazy\" decoding=\"async\" width=\"300\" height=\"168\" src=\"https:\/\/archive.sana.sy\/tr\/wp-content\/uploads\/2025\/02\/photo_1_2025-02-11_16-13-59-copy-300x168.jpg\" class=\"attachment-medium size-medium\" alt=\"\" srcset=\"https:\/\/archive.sana.sy\/tr\/wp-content\/uploads\/2025\/02\/photo_1_2025-02-11_16-13-59-copy-300x168.jpg 300w, https:\/\/archive.sana.sy\/tr\/wp-content\/uploads\/2025\/02\/photo_1_2025-02-11_16-13-59-copy.jpg 660w\" sizes=\"auto, (max-width: 300px) 100vw, 300px\" \/><\/a>\n\t\t\t<\/div><\/figure><figure class='gallery-item'>\n\t\t\t<div class='gallery-icon landscape'>\n\t\t\t\t<a href='https:\/\/archive.sana.sy\/tr\/?attachment_id=315292'><img loading=\"lazy\" decoding=\"async\" width=\"300\" height=\"168\" src=\"https:\/\/archive.sana.sy\/tr\/wp-content\/uploads\/2025\/02\/photo_4_2025-02-11_16-13-59-copy-300x168.jpg\" class=\"attachment-medium size-medium\" alt=\"\" srcset=\"https:\/\/archive.sana.sy\/tr\/wp-content\/uploads\/2025\/02\/photo_4_2025-02-11_16-13-59-copy-300x168.jpg 300w, https:\/\/archive.sana.sy\/tr\/wp-content\/uploads\/2025\/02\/photo_4_2025-02-11_16-13-59-copy.jpg 660w\" sizes=\"auto, (max-width: 300px) 100vw, 300px\" \/><\/a>\n\t\t\t<\/div><\/figure><figure class='gallery-item'>\n\t\t\t<div class='gallery-icon landscape'>\n\t\t\t\t<a href='https:\/\/archive.sana.sy\/tr\/?attachment_id=315293'><img loading=\"lazy\" decoding=\"async\" width=\"300\" height=\"168\" src=\"https:\/\/archive.sana.sy\/tr\/wp-content\/uploads\/2025\/02\/photo_5_2025-02-11_16-13-59-copy-300x168.jpg\" class=\"attachment-medium size-medium\" alt=\"\" srcset=\"https:\/\/archive.sana.sy\/tr\/wp-content\/uploads\/2025\/02\/photo_5_2025-02-11_16-13-59-copy-300x168.jpg 300w, https:\/\/archive.sana.sy\/tr\/wp-content\/uploads\/2025\/02\/photo_5_2025-02-11_16-13-59-copy.jpg 660w\" sizes=\"auto, (max-width: 300px) 100vw, 300px\" \/><\/a>\n\t\t\t<\/div><\/figure>\n\t\t<\/div>\n\n","protected":false},"excerpt":{"rendered":"<p>DUBA\u0130 (SANA) &#8211; 2025 D\u00fcnya H\u00fck\u00fcmeti Zirvesi, bug\u00fcn Birle\u015fik Arap Emirlikleri&#8217;nin Dubai kentinde, D\u0131\u015fi\u015fleri ve Gurbet\u00e7iler Bakan\u0131 Asaad El \u015eeybani, devlet ve h\u00fck\u00fcmet ba\u015fkanlar\u0131, uluslararas\u0131 ve b\u00f6lgesel \u00f6rg\u00fctler ve k\u00fcresel kurumlar\u0131n yan\u0131 s\u0131ra k\u00fcresel d\u00fc\u015f\u00fcnce liderleri ve uzmanlardan olu\u015fan elit bir grubun kat\u0131l\u0131m\u0131yla &#8220;Gelece\u011fin H\u00fck\u00fcmetlerini \u00d6ng\u00f6rmek&#8221; slogan\u0131 alt\u0131nda ba\u015flad\u0131. BAE Haber Ajans\u0131, 12. oturumunda d\u00fczenlenen &hellip;<\/p>\n","protected":false},"author":36,"featured_media":315249,"comment_status":"closed","ping_status":"closed","sticky":false,"template":"","format":"standard","meta":{"footnotes":""},"categories":[458,589,459,17988],"tags":[],"class_list":["post-315242","post","type-post","status-publish","format-standard","has-post-thumbnail","","category-dunya1","category-haber-seridi","category-haberler-arap-uluslararasi-politika","category-son-haberler"],"_links":{"self":[{"href":"https:\/\/archive.sana.sy\/tr\/index.php?rest_route=\/wp\/v2\/posts\/315242","targetHints":{"allow":["GET"]}}],"collection":[{"href":"https:\/\/archive.sana.sy\/tr\/index.php?rest_route=\/wp\/v2\/posts"}],"about":[{"href":"https:\/\/archive.sana.sy\/tr\/index.php?rest_route=\/wp\/v2\/types\/post"}],"author":[{"embeddable":true,"href":"https:\/\/archive.sana.sy\/tr\/index.php?rest_route=\/wp\/v2\/users\/36"}],"replies":[{"embeddable":true,"href":"https:\/\/archive.sana.sy\/tr\/index.php?rest_route=%2Fwp%2Fv2%2Fcomments&post=315242"}],"version-history":[{"count":7,"href":"https:\/\/archive.sana.sy\/tr\/index.php?rest_route=\/wp\/v2\/posts\/315242\/revisions"}],"predecessor-version":[{"id":315297,"href":"https:\/\/archive.sana.sy\/tr\/index.php?rest_route=\/wp\/v2\/posts\/315242\/revisions\/315297"}],"wp:featuredmedia":[{"embeddable":true,"href":"https:\/\/archive.sana.sy\/tr\/index.php?rest_route=\/wp\/v2\/media\/315249"}],"wp:attachment":[{"href":"https:\/\/archive.sana.sy\/tr\/index.php?rest_route=%2Fwp%2Fv2%2Fmedia&parent=315242"}],"wp:term":[{"taxonomy":"category","embeddable":true,"href":"https:\/\/archive.sana.sy\/tr\/index.php?rest_route=%2Fwp%2Fv2%2Fcategories&post=315242"},{"taxonomy":"post_tag","embeddable":true,"href":"https:\/\/archive.sana.sy\/tr\/index.php?rest_route=%2Fwp%2Fv2%2Ftags&post=315242"}],"curies":[{"name":"wp","href":"https:\/\/api.w.org\/{rel}","templated":true}]}}