{"id":315298,"date":"2025-02-11T05:12:30","date_gmt":"2025-02-11T02:12:30","guid":{"rendered":"https:\/\/sana.sy\/tr\/?p=315298"},"modified":"2025-02-12T18:53:10","modified_gmt":"2025-02-12T15:53:10","slug":"cumhurbaskani-el-sara-yeni-suriye-bolgesel-istikrarda-onemli-rol-oynayacak","status":"publish","type":"post","link":"https:\/\/archive.sana.sy\/tr\/?p=315298","title":{"rendered":"Cumhurba\u015fkan\u0131 El \u015eara: Yeni Suriye B\u00f6lgesel \u0130stikrarda \u00d6nemli Rol Oynayacak"},"content":{"rendered":"<p style=\"text-align: justify;\"><span style=\"color: #800000;\"><strong>\u015eAM (SANA)<\/strong><\/span> &#8211; Suriye Arap Cumhuriyeti Cumhurba\u015fkan\u0131 Say\u0131n Ahmed El \u015eara, devrik rejimin son 14 y\u0131ld\u0131r Suriye toplumunu sistematik olarak yok etti\u011fini, insanlar\u0131 yerlerinden etti\u011fini, kimyasal silahlarla \u00f6ld\u00fcrd\u00fc\u011f\u00fcn\u00fc, hapishanelerde i\u015fkence yapt\u0131\u011f\u0131n\u0131 ve hi\u00e7bir siyasi \u00e7\u00f6z\u00fcme yan\u0131t vermedi\u011fini vurgulayarak, bir g\u00fcn \u015eam&#8217;a girip Suriye halk\u0131n\u0131 bu su\u00e7lu rejimden kurtaraca\u011f\u0131na ve Suriye&#8217;nin b\u00f6lgedeki \u00f6nemli rol\u00fcn\u00fc yeniden kazanaca\u011f\u0131na dair mutlak bir g\u00fcveni oldu\u011funu ifade etti.<\/p>\n<p style=\"text-align: justify;\">Cumhurba\u015fkan\u0131 El \u015eara, \u0130ngiliz kanal\u0131 \u201cGeri Kalan\u0131 Politikad\u0131r\u201da verdi\u011fi r\u00f6portajda \u015funlar\u0131 s\u00f6yledi: \u2018\u2019Suriye halk\u0131 60 y\u0131ld\u0131r b\u00fcy\u00fck haks\u0131zl\u0131klara ve zul\u00fcmlere maruz kalm\u0131\u015f, son 14 y\u0131ld\u0131r toplum sistematik bir \u015fekilde yok edilmi\u015f, insanlar yerlerinden edilmi\u015f, kimyasal silahlarla \u00f6ld\u00fcr\u00fclm\u00fc\u015f, rejimin hapishanelerinde i\u015fkence g\u00f6rm\u00fc\u015ft\u00fcr. Rejim hi\u00e7bir siyasi \u00e7\u00f6z\u00fcme yan\u0131t vermedi, halk\u0131n taleplerine yan\u0131t vermeyi reddetti ve Suriye toplumunu yok etmeye devam etti.\u2019\u2019<\/p>\n<p style=\"text-align: justify;\">Cumhurba\u015fkan\u0131 El \u015eara ayr\u0131ca, \u2018\u2019Bir g\u00fcn \u015eam&#8217;a girece\u011fimizden emindim. \u0130ki \u00fc\u00e7 y\u0131ld\u0131r \u015eam&#8217;a girece\u011fimizi s\u00f6yl\u00fcyordum. Bunu sadece moral y\u00fckseltmek i\u00e7in s\u00f6ylemiyordum, \u0130dlib&#8217;deki g\u00fcc\u00fcm\u00fcz\u00fc ve toplumsal birlikteli\u011fimizi analiz etmek i\u00e7in dayand\u0131\u011f\u0131m verilerden yola \u00e7\u0131karak, rejimin durumu ve i\u00e7inde bulundu\u011fu ekonomik ve toplumsal \u00e7\u00f6k\u00fc\u015fle, ordusunun \u00e7\u00f6k\u00fc\u015f\u00fcyle \u200b\u200bk\u0131yaslayarak konu\u015fuyordum\u2019\u2019 ifadelerini kulland\u0131.<\/p>\n<p style=\"text-align: justify;\">Suriye ve b\u00f6lgede adaletsizlik ve zulm\u00fcn ya\u015fand\u0131\u011f\u0131n\u0131 belirterek, \u015eam, Suriye ve tarihi derinli\u011fi hakk\u0131nda \u00e7ok \u015fey \u00f6\u011frenme ve okuma ihtiyac\u0131 hissetti\u011fini s\u00f6yleyen Cumhurba\u015fkan\u0131 El \u015eara, ayn\u0131 zamanda h\u00fck\u00fcmetin \u00fclkeyi nas\u0131l y\u00f6netti\u011fini izledi\u011fini, \u015eam&#8217;\u0131n ya\u015fad\u0131klar\u0131ndan, rejimin Suriye halk\u0131na yapt\u0131\u011f\u0131 bask\u0131 ve zul\u00fcmden dolay\u0131 ac\u0131 duydu\u011funu ve bu nedenle bu rejimin d\u00fc\u015fmesi gerekti\u011fine inand\u0131\u011f\u0131n\u0131 ifade etti.<\/p>\n<p style=\"text-align: justify;\">Cumhurba\u015fkan\u0131 El \u015eara, \u2018\u2019sald\u0131rganl\u0131\u011f\u0131 cayd\u0131rma\u2019\u2019 ve \u015fehirlere girme s\u00fcrecinde sivillerin zarar g\u00f6rmemesini sa\u011flama konusunda \u00e7ok dikkatli olduklar\u0131n\u0131 vurgularken,\u00a0 \u2018\u2019Rejimin kontrol\u00fcndeki \u015fehir ve k\u00f6yleri hedef almas\u0131 y\u00f6n\u00fcndeki yayg\u0131n halk \u00e7a\u011fr\u0131lar\u0131na ra\u011fmen, rejimin kontrol\u00fc d\u0131\u015f\u0131ndaki \u015fehir ve kasabalar\u0131 durmadan bombalamas\u0131 gibi, biz de yakla\u015f\u0131k 14 y\u0131ld\u0131r ayn\u0131 \u015feyi yapmay\u0131 reddettik. \u00c7at\u0131\u015fmalar, rejimin ordu, g\u00fcvenlik g\u00fc\u00e7leri ve halkla sava\u015fmak i\u00e7in g\u00fcvendi\u011fi di\u011fer gruplar gibi temel g\u00fc\u00e7lerine odakland\u0131 ve herhangi bir yan \u00e7at\u0131\u015fmadan tamamen ka\u00e7\u0131n\u0131ld\u0131\u2019\u2019 diye devam etti.<\/p>\n<p style=\"text-align: justify;\">Cumhurba\u015fkan\u0131 El \u015eara, \u015funlar\u0131 da kaydetti: \u2018\u2019Sava\u015ftan b\u0131kt\u0131k, \u00f6zellikle Suriye&#8217;de. \u0130nsanl\u0131k bar\u0131\u015f ve g\u00fcvenlik olmadan ya\u015fayamaz. \u0130nsanlar\u0131n arad\u0131\u011f\u0131 \u015fey bu, sava\u015f de\u011fil. Yani onlar\u0131 mutlu edebilecek, kavga etmeden bar\u0131\u015f\u00e7\u0131l \u00e7\u00f6z\u00fcmlere g\u00f6t\u00fcrebilecek bir\u00e7ok \u015fey var.\u2019\u2019<\/p>\n<p style=\"text-align: justify;\">Rejimin y\u0131k\u0131lmas\u0131n\u0131n ard\u0131ndan \u00f6nceli\u011fin, devlet kurumlar\u0131n\u0131n \u00e7\u00f6kmesini \u00f6nlemek i\u00e7in h\u00fck\u00fcmeti istikrara kavu\u015fturmak oldu\u011funu kaydeden Cumhurba\u015fkan\u0131 El \u015eara, \u015f\u00f6yle devam etti: \u2018\u2019\u0130dlib h\u00fck\u00fcmetinin \u015eam&#8217;a girmesinin ard\u0131ndan y\u00f6netimi devralmas\u0131 i\u00e7in 3 ayl\u0131k bir s\u00fcre belirlendi. Daha sonra anayasal bir bildiri, ulusal diyalog konferans\u0131 ve cumhurba\u015fkan\u0131n\u0131n se\u00e7ilmesini i\u00e7eren ikinci a\u015famaya ge\u00e7iyoruz. Cumhurba\u015fkan\u0131n\u0131 anayasa uzmanlar\u0131na dan\u0131\u015ft\u0131ktan sonra uluslararas\u0131 normlara uygun olarak atad\u0131.\u2019\u2019<\/p>\n<p style=\"text-align: justify;\">El \u015eara ayr\u0131ca, \u2018\u2019Y\u0131k\u0131lm\u0131\u015f bir \u00fclkeyi miras ald\u0131k. Rejim her \u015feyi mahvetti, ancak bu bizim Suriyelilerin y\u00fczle\u015fmesi gereken bir zorluk ve \u00fclkemizi yeniden in\u015fa etmeliyiz. T\u00fcm zorluklara ra\u011fmen hi\u00e7bir \u015fey imkans\u0131z de\u011fildir ve Allah&#8217;\u0131n izniyle aya\u011fa kalk\u0131p \u00fclkemizi yeniden in\u015fa edip gelecekte b\u00f6lgesel ve k\u00fcresel bir ba\u015far\u0131 hikayesine d\u00f6n\u00fc\u015ft\u00fcrebiliriz\u2019\u2019 ifadelerini s\u00f6zlerine ekledi.<\/p>\n<p style=\"text-align: justify;\">\u2018\u2019Yapt\u0131r\u0131mlara gelince, bunlar Suriye&#8217;ye, devrik rejimin sistematik su\u00e7lar\u0131, kitlesel katliamlar nedeniyle uygulanm\u0131\u015ft\u0131 ve \u015fimdi rejimin devrilmesinden sonra art\u0131k hi\u00e7bir gerek\u00e7e kalmad\u0131\u011f\u0131 i\u00e7in kald\u0131r\u0131lmal\u0131\u2019\u2019 diyen Cumhurba\u015fkan\u0131 El \u015eara, \u2018\u2019Bu konuda uluslararas\u0131 alanda g\u00fc\u00e7l\u00fc bir mutabakat var ve son d\u00f6nemde \u015eam&#8217;\u0131 ziyaret eden herkes yapt\u0131r\u0131mlar\u0131n kald\u0131r\u0131lmas\u0131 gerekti\u011fi konusunda hemfikir. Suriye \u015fu anda b\u00fcy\u00fck zorluklarla kar\u015f\u0131 kar\u015f\u0131yad\u0131r ve do\u011frudan \u00e7\u00f6z\u00fcmlerden biri ekonomik \u00e7\u00f6z\u00fcmler ve kalk\u0131nmad\u0131r, \u00e7\u00fcnk\u00fc ekonomik b\u00fcy\u00fcme olmadan hi\u00e7bir \u015fey olamaz\u2019\u2019 ifadelerini s\u00f6zlerine ekledi.<\/p>\n<p style=\"text-align: justify;\">Cumhurba\u015fkan\u0131 El \u015eara, devrimci zihniyetin devlet in\u015fa edemeyece\u011fini, ancak devlet in\u015fa etme ve toplumu y\u00f6netme konusunda farkl\u0131 bir zihniyet gerekti\u011fini, devrimin rejimin devrilmesiyle sona erdi\u011fini de kaydetti.<\/p>\n<p style=\"text-align: justify;\">Suriye&#8217;nin k\u00fcresel etkiye sahip stratejik bir konuma sahip \u00e7ok \u00f6nemli bir \u00fclke oldu\u011funu vurgulayan El \u015eara, \u2018\u2019Rejim daha \u00f6nce insanlar\u0131 kas\u0131tl\u0131 olarak Avrupa&#8217;ya yerle\u015ftirdi ve Captagon b\u00f6lgede ve Avrupa&#8217;da ka\u00e7\u0131r\u0131ld\u0131. Ayr\u0131ca \u015eam&#8217;\u0131 b\u00f6lgedeki istikrars\u0131zl\u0131k i\u00e7in bir \u00fcs olarak kulland\u0131\u2019\u2019 dedi.<\/p>\n<p style=\"text-align: justify;\">Cumhurba\u015fkan\u0131, \u2018\u2019Suriye&#8217;nin b\u00f6lgedeki rol\u00fc bug\u00fcn de\u011fi\u015fmi\u015f, \u00e7ok gelecek vaat eden yeni bir \u00fclke haline gelmi\u015f, ekonomik kalk\u0131nma yoluyla b\u00f6lgenin istikrar\u0131nda \u00f6nemli rol oynayacakt\u0131r. Tar\u0131m, sanayi, ticaret gibi sekt\u00f6rlerde de \u00f6nemli bir merkez haline gelecek, Do\u011fu ile Bat\u0131 aras\u0131ndaki \u0130pek Yolu ticareti yeniden canlanacak ve Bat\u0131&#8217;n\u0131n Suriye&#8217;ye bak\u0131\u015f\u0131n\u0131 yeniden g\u00f6zden ge\u00e7irmesi gerekecek\u2019\u2019 a\u00e7\u0131klamada bulundu.<\/p>\n<p style=\"text-align: justify;\">Suudi Arabistan Krall\u0131\u011f\u0131&#8217;n\u0131n n\u00fcfuzlu bir \u00fclke oldu\u011funu belirten Cumhurba\u015fkan\u0131 El \u015eara, ilk ziyaretini b\u00fcy\u00fck bir Arap \u00fclkesine yapmak istedi\u011fini ifade etti ve Veliaht Prens Muhammed bin Selman&#8217;dan davet ald\u0131\u011f\u0131nda, Krall\u0131\u011f\u0131n b\u00f6lgemizde sahip oldu\u011fu \u00f6zel stat\u00fc ve b\u00fcy\u00fck n\u00fcfuz nedeniyle hemen gitmeye karar verdi\u011fini s\u00f6yledi.<\/p>\n<p style=\"text-align: justify;\">Cumhurba\u015fkan\u0131 El \u015eara, ABD Ba\u015fkan\u0131 Donald Trump&#8217;\u0131n, \u00fclkesinin son 20 y\u0131ld\u0131r b\u00fcy\u00fck istikrars\u0131zl\u0131\u011fa yol a\u00e7mas\u0131 nedeniyle, mevcut d\u00f6neminde Ortado\u011fu&#8217;da bar\u0131\u015f\u0131 in\u015fa etmeye ilgi duydu\u011funu ve bunun \u00fcmit verici bir umut oldu\u011funu belirterek, Trump&#8217;\u0131n se\u00e7im kampanyas\u0131nda ortaya koydu\u011fu fikirleri hayata ge\u00e7irmesi halinde, \u00f6zellikle Rusya ile Ukrayna aras\u0131ndaki sava\u015f\u0131 durdurmak olmak \u00fczere d\u00fcnya bar\u0131\u015f\u0131n\u0131n sa\u011flanmas\u0131nda \u00f6nemli rol oynayaca\u011f\u0131na dair iyimserli\u011fini dile getirdi.<\/p>\n<p style=\"text-align: justify;\">Trump&#8217;\u0131n Gazze \u015eeridi&#8217;ni ele ge\u00e7irme ve Filistinlileri buradan \u00e7\u0131karma y\u00f6n\u00fcndeki a\u00e7\u0131klamalar\u0131na ili\u015fkin, hi\u00e7bir g\u00fcc\u00fcn insanlar\u0131 topraklar\u0131ndan ayr\u0131lmaya zorlayamayaca\u011f\u0131n\u0131, bir\u00e7ok \u00fclkenin bunu yapmaya \u00e7al\u0131\u015ft\u0131\u011f\u0131n\u0131 ve \u00f6zellikle Gazze&#8217;deki son sava\u015fta hepsinin ba\u015far\u0131s\u0131z oldu\u011funu vurgulayan Cumhurba\u015fkan\u0131 El \u015eara, \u0130ngiliz kanal\u0131 \u201cGeri Kalan\u0131 Politikad\u0131r\u201da verdi\u011fi r\u00f6portaj\u0131 \u015fu ifadelerle tamamlad\u0131: \u2018\u2019Son bir bu\u00e7uk y\u0131ld\u0131r insanlar ac\u0131 ve y\u0131k\u0131ma maruz kald\u0131lar, ama topraklar\u0131n\u0131 terk etmeyi reddettiler ve 80 y\u0131ldan fazla s\u00fcredir onlar\u0131 yerinden etme giri\u015fimlerinin hepsi ba\u015far\u0131s\u0131zl\u0131kla sonu\u00e7land\u0131.\u2019\u2019<\/p>\n","protected":false},"excerpt":{"rendered":"<p>\u015eAM (SANA) &#8211; Suriye Arap Cumhuriyeti Cumhurba\u015fkan\u0131 Say\u0131n Ahmed El \u015eara, devrik rejimin son 14 y\u0131ld\u0131r Suriye toplumunu sistematik olarak yok etti\u011fini, insanlar\u0131 yerlerinden etti\u011fini, kimyasal silahlarla \u00f6ld\u00fcrd\u00fc\u011f\u00fcn\u00fc, hapishanelerde i\u015fkence yapt\u0131\u011f\u0131n\u0131 ve hi\u00e7bir siyasi \u00e7\u00f6z\u00fcme yan\u0131t vermedi\u011fini vurgulayarak, bir g\u00fcn \u015eam&#8217;a girip Suriye halk\u0131n\u0131 bu su\u00e7lu rejimden kurtaraca\u011f\u0131na ve Suriye&#8217;nin b\u00f6lgedeki \u00f6nemli rol\u00fcn\u00fc yeniden kazanaca\u011f\u0131na &hellip;<\/p>\n","protected":false},"author":41,"featured_media":315299,"comment_status":"closed","ping_status":"closed","sticky":false,"template":"","format":"standard","meta":{"footnotes":""},"categories":[589,611,605,17988],"tags":[43333],"class_list":["post-315298","post","type-post","status-publish","format-standard","has-post-thumbnail","","category-haber-seridi","category-roportaj","category-sayin-cumhurbaskani","category-son-haberler","tag-cumhurbaskani-el-sara-yeni-suriye-bolgesel-istikrarda-onemli-rol-oynayacak"],"_links":{"self":[{"href":"https:\/\/archive.sana.sy\/tr\/index.php?rest_route=\/wp\/v2\/posts\/315298","targetHints":{"allow":["GET"]}}],"collection":[{"href":"https:\/\/archive.sana.sy\/tr\/index.php?rest_route=\/wp\/v2\/posts"}],"about":[{"href":"https:\/\/archive.sana.sy\/tr\/index.php?rest_route=\/wp\/v2\/types\/post"}],"author":[{"embeddable":true,"href":"https:\/\/archive.sana.sy\/tr\/index.php?rest_route=\/wp\/v2\/users\/41"}],"replies":[{"embeddable":true,"href":"https:\/\/archive.sana.sy\/tr\/index.php?rest_route=%2Fwp%2Fv2%2Fcomments&post=315298"}],"version-history":[{"count":2,"href":"https:\/\/archive.sana.sy\/tr\/index.php?rest_route=\/wp\/v2\/posts\/315298\/revisions"}],"predecessor-version":[{"id":315302,"href":"https:\/\/archive.sana.sy\/tr\/index.php?rest_route=\/wp\/v2\/posts\/315298\/revisions\/315302"}],"wp:featuredmedia":[{"embeddable":true,"href":"https:\/\/archive.sana.sy\/tr\/index.php?rest_route=\/wp\/v2\/media\/315299"}],"wp:attachment":[{"href":"https:\/\/archive.sana.sy\/tr\/index.php?rest_route=%2Fwp%2Fv2%2Fmedia&parent=315298"}],"wp:term":[{"taxonomy":"category","embeddable":true,"href":"https:\/\/archive.sana.sy\/tr\/index.php?rest_route=%2Fwp%2Fv2%2Fcategories&post=315298"},{"taxonomy":"post_tag","embeddable":true,"href":"https:\/\/archive.sana.sy\/tr\/index.php?rest_route=%2Fwp%2Fv2%2Ftags&post=315298"}],"curies":[{"name":"wp","href":"https:\/\/api.w.org\/{rel}","templated":true}]}}