{"id":315320,"date":"2025-02-12T08:20:34","date_gmt":"2025-02-12T05:20:34","guid":{"rendered":"https:\/\/sana.sy\/tr\/?p=315320"},"modified":"2025-02-13T12:17:40","modified_gmt":"2025-02-13T09:17:40","slug":"cumhurbaskani-el-sara-cumhuriyet-cumhurbaskanligi-ustlenmesinden-dolayi-kendisini-tebrik-etmek-uzere-muzakere-organi-ve-koalisyon-heyetlerini-kabul-etti","status":"publish","type":"post","link":"https:\/\/archive.sana.sy\/tr\/?p=315320","title":{"rendered":"Cumhurba\u015fkan\u0131 El \u015eara, Cumhuriyet Cumhurba\u015fkanl\u0131\u011f\u0131 \u00dcstlenmesinden Dolay\u0131 Kendisini Tebrik Etmek \u00dczere M\u00fczakere Organ\u0131 Ve Koalisyon Heyetlerini Kabul Etti"},"content":{"rendered":"<p style=\"text-align: justify;\"><strong>\u015eAM (SANA)<\/strong> &#8211; Suriye Arap Cumhuriyeti Cumhurba\u015fkan\u0131 Say\u0131n Ahmed El \u015eara, bug\u00fcn \u015eam&#8217;da Suriye M\u00fczakere Komisyonu Ba\u015fkan\u0131 Dr. Bedir Cemus ve Muhalif ve Devrimci G\u00fc\u00e7ler Ulusal Koalisyonu Ba\u015fkan\u0131 Hadi El-Bahra&#8217;y\u0131, iki kurumu temsil eden bir heyetle birlikte kabul etti.<\/p>\n<p style=\"text-align: justify;\"><img loading=\"lazy\" decoding=\"async\" class=\"size-medium wp-image-315322 alignright\" src=\"http:\/\/sana.sy\/tr\/wp-content\/uploads\/2025\/02\/1-copy-300x168.jpg\" alt=\"\" width=\"300\" height=\"168\" srcset=\"https:\/\/archive.sana.sy\/tr\/wp-content\/uploads\/2025\/02\/1-copy-300x168.jpg 300w, https:\/\/archive.sana.sy\/tr\/wp-content\/uploads\/2025\/02\/1-copy.jpg 660w\" sizes=\"auto, (max-width: 300px) 100vw, 300px\" \/>Her iki heyet, Cumhurba\u015fkan\u0131&#8217;n\u0131 Cumhuriyetin cumhurba\u015fkanl\u0131\u011f\u0131n\u0131 \u00fcstlenmesinden dolay\u0131 tebrik ederek, Suriye halk\u0131n\u0131n, liderlerinin ve kurumlar\u0131n\u0131n Suriye tarihinin bu a\u015famas\u0131nda t\u00fcm zorluklarla y\u00fczle\u015fmek i\u00e7in birlikte durmas\u0131 gerekti\u011fini vurgulad\u0131.<\/p>\n<p style=\"text-align: justify;\">Suriye devriminin zaferini ilan eden ve devrimle birlikte kurulan t\u00fcm kurumlar\u0131n da\u011f\u0131t\u0131lmas\u0131n\u0131 ve devlet kurumlar\u0131na entegre edilmesini \u00f6ng\u00f6ren bildiriye uygun olarak, iki heyet, Suriye Devlet Cumhurba\u015fkanl\u0131\u011f\u0131&#8217;n\u0131n liderli\u011finde Suriye halk\u0131n\u0131n \u00e7\u0131karlar\u0131na hizmet edecek \u015fekilde \u00e7al\u0131\u015fmalar yapmak ve devletin in\u015fas\u0131n\u0131 sa\u011flamak \u00fczere M\u00fczakere Heyeti, Ulusal Koalisyon ve bunlardan t\u00fcreyen kurumlara ili\u015fkin t\u00fcm dosyalar\u0131 i\u00e7eren yetkiyi Suriye devletine devretti.<\/p>\n<p style=\"text-align: justify;\"><img loading=\"lazy\" decoding=\"async\" class=\"size-medium wp-image-315323 alignright\" src=\"http:\/\/sana.sy\/tr\/wp-content\/uploads\/2025\/02\/3-copy-300x168.jpg\" alt=\"\" width=\"300\" height=\"168\" srcset=\"https:\/\/archive.sana.sy\/tr\/wp-content\/uploads\/2025\/02\/3-copy-300x168.jpg 300w, https:\/\/archive.sana.sy\/tr\/wp-content\/uploads\/2025\/02\/3-copy.jpg 660w\" sizes=\"auto, (max-width: 300px) 100vw, 300px\" \/>Cumhurba\u015fkan\u0131 El \u015eara, bu kurumlardaki i\u015f\u00e7ilerin devrik rejime kar\u015f\u0131 verdi\u011fi m\u00fccadeleyi, uluslararas\u0131 siyaset sahnesindeki ulusal duru\u015flar\u0131n\u0131n g\u00fcc\u00fcn\u00fc, rejimin uygulamalar\u0131n\u0131 ve su\u00e7lar\u0131n\u0131 if\u015fa etme \u00e7abalar\u0131n\u0131 ve Suriye halk\u0131n\u0131n kararl\u0131l\u0131\u011f\u0131n\u0131 14 y\u0131ld\u0131r g\u00fc\u00e7lendirmeye y\u00f6nelik katk\u0131lar\u0131n\u0131 \u00f6vd\u00fc.<\/p>\n<p style=\"text-align: justify;\">Cumhurba\u015fkan\u0131 ayr\u0131ca, bu iki kurumdaki siyasi, idari ve teknik kadrolar\u0131n, yeni devletin kurumlar\u0131 ve yap\u0131s\u0131 i\u00e7inde niteliklerine g\u00f6re, i\u00e7te ve d\u0131\u015fta Suriye halk\u0131na hizmet edecek \u015fekilde de\u011ferlendirilmesinin \u00f6nemini vurgulad\u0131.<\/p>\n<p style=\"text-align: justify;\">Kat\u0131l\u0131mc\u0131lar ise Cumhurba\u015fkan\u0131&#8217;n\u0131n liderli\u011fine desteklerini ve bu a\u015famadaki zorluklar\u0131n \u00fcstesinden gelmek, \u00fclkeyi yeniden birle\u015ftirmek, g\u00fcvenlik ve istikrar\u0131 sa\u011flamak, Suriye ordusunun t\u00fcm askeri unsurlar\u0131n\u0131n entegrasyonunu tamamlayarak ve silahlar\u0131n devlete b\u0131rak\u0131lmas\u0131n\u0131 sa\u011flayarak ulusal temeller \u00fczerinde kurulmas\u0131n\u0131 sa\u011flamak i\u00e7in onunla el ele \u00e7al\u0131\u015facaklar\u0131n\u0131 vurgulayarak, Cumhurba\u015fkan\u0131 taraf\u0131ndan ortaya konulan yol haritas\u0131n\u0131n hayata ge\u00e7irilmesinde, t\u00fcm Suriyelileri temsil eden kapsaml\u0131 bir ge\u00e7i\u015f h\u00fck\u00fcmetinin kurulmas\u0131, Suriye halk\u0131n\u0131n onaylayaca\u011f\u0131 yeni bir Suriye anayasas\u0131n\u0131n haz\u0131rlanmas\u0131 ve ard\u0131ndan her d\u00fczeyde \u00f6zg\u00fcr ve adil se\u00e7imlerin yap\u0131lmas\u0131 yoluyla ilerleme sa\u011flanmas\u0131 gerekti\u011fini kaydetttiler.<\/p>\n<div id='gallery-1' class='gallery galleryid-315320 gallery-columns-1 gallery-size-full'><figure class='gallery-item'>\n\t\t\t<div class='gallery-icon landscape'>\n\t\t\t\t<a href='https:\/\/archive.sana.sy\/tr\/wp-content\/uploads\/2025\/02\/4-copy.jpg'><img loading=\"lazy\" decoding=\"async\" width=\"660\" height=\"370\" src=\"https:\/\/archive.sana.sy\/tr\/wp-content\/uploads\/2025\/02\/4-copy.jpg\" class=\"attachment-full size-full\" alt=\"\" srcset=\"https:\/\/archive.sana.sy\/tr\/wp-content\/uploads\/2025\/02\/4-copy.jpg 660w, https:\/\/archive.sana.sy\/tr\/wp-content\/uploads\/2025\/02\/4-copy-300x168.jpg 300w\" sizes=\"auto, (max-width: 660px) 100vw, 660px\" \/><\/a>\n\t\t\t<\/div><\/figure><figure class='gallery-item'>\n\t\t\t<div class='gallery-icon landscape'>\n\t\t\t\t<a href='https:\/\/archive.sana.sy\/tr\/wp-content\/uploads\/2025\/02\/5-copy.jpg'><img loading=\"lazy\" decoding=\"async\" width=\"660\" height=\"370\" src=\"https:\/\/archive.sana.sy\/tr\/wp-content\/uploads\/2025\/02\/5-copy.jpg\" class=\"attachment-full size-full\" alt=\"\" srcset=\"https:\/\/archive.sana.sy\/tr\/wp-content\/uploads\/2025\/02\/5-copy.jpg 660w, https:\/\/archive.sana.sy\/tr\/wp-content\/uploads\/2025\/02\/5-copy-300x168.jpg 300w\" sizes=\"auto, (max-width: 660px) 100vw, 660px\" \/><\/a>\n\t\t\t<\/div><\/figure><figure class='gallery-item'>\n\t\t\t<div class='gallery-icon landscape'>\n\t\t\t\t<a href='https:\/\/archive.sana.sy\/tr\/wp-content\/uploads\/2025\/02\/6-copy.jpg'><img loading=\"lazy\" decoding=\"async\" width=\"660\" height=\"370\" src=\"https:\/\/archive.sana.sy\/tr\/wp-content\/uploads\/2025\/02\/6-copy.jpg\" class=\"attachment-full size-full\" alt=\"\" srcset=\"https:\/\/archive.sana.sy\/tr\/wp-content\/uploads\/2025\/02\/6-copy.jpg 660w, https:\/\/archive.sana.sy\/tr\/wp-content\/uploads\/2025\/02\/6-copy-300x168.jpg 300w\" sizes=\"auto, (max-width: 660px) 100vw, 660px\" \/><\/a>\n\t\t\t<\/div><\/figure>\n\t\t<\/div>\n\n","protected":false},"excerpt":{"rendered":"<p>\u015eAM (SANA) &#8211; Suriye Arap Cumhuriyeti Cumhurba\u015fkan\u0131 Say\u0131n Ahmed El \u015eara, bug\u00fcn \u015eam&#8217;da Suriye M\u00fczakere Komisyonu Ba\u015fkan\u0131 Dr. Bedir Cemus ve Muhalif ve Devrimci G\u00fc\u00e7ler Ulusal Koalisyonu Ba\u015fkan\u0131 Hadi El-Bahra&#8217;y\u0131, iki kurumu temsil eden bir heyetle birlikte kabul etti. Her iki heyet, Cumhurba\u015fkan\u0131&#8217;n\u0131 Cumhuriyetin cumhurba\u015fkanl\u0131\u011f\u0131n\u0131 \u00fcstlenmesinden dolay\u0131 tebrik ederek, Suriye halk\u0131n\u0131n, liderlerinin ve kurumlar\u0131n\u0131n Suriye &hellip;<\/p>\n","protected":false},"author":39,"featured_media":315321,"comment_status":"closed","ping_status":"closed","sticky":false,"template":"","format":"standard","meta":{"footnotes":""},"categories":[479,17988,478],"tags":[],"class_list":["post-315320","post","type-post","status-publish","format-standard","has-post-thumbnail","","category-haberler-yerel","category-son-haberler","category-yerel"],"_links":{"self":[{"href":"https:\/\/archive.sana.sy\/tr\/index.php?rest_route=\/wp\/v2\/posts\/315320","targetHints":{"allow":["GET"]}}],"collection":[{"href":"https:\/\/archive.sana.sy\/tr\/index.php?rest_route=\/wp\/v2\/posts"}],"about":[{"href":"https:\/\/archive.sana.sy\/tr\/index.php?rest_route=\/wp\/v2\/types\/post"}],"author":[{"embeddable":true,"href":"https:\/\/archive.sana.sy\/tr\/index.php?rest_route=\/wp\/v2\/users\/39"}],"replies":[{"embeddable":true,"href":"https:\/\/archive.sana.sy\/tr\/index.php?rest_route=%2Fwp%2Fv2%2Fcomments&post=315320"}],"version-history":[{"count":1,"href":"https:\/\/archive.sana.sy\/tr\/index.php?rest_route=\/wp\/v2\/posts\/315320\/revisions"}],"predecessor-version":[{"id":315327,"href":"https:\/\/archive.sana.sy\/tr\/index.php?rest_route=\/wp\/v2\/posts\/315320\/revisions\/315327"}],"wp:featuredmedia":[{"embeddable":true,"href":"https:\/\/archive.sana.sy\/tr\/index.php?rest_route=\/wp\/v2\/media\/315321"}],"wp:attachment":[{"href":"https:\/\/archive.sana.sy\/tr\/index.php?rest_route=%2Fwp%2Fv2%2Fmedia&parent=315320"}],"wp:term":[{"taxonomy":"category","embeddable":true,"href":"https:\/\/archive.sana.sy\/tr\/index.php?rest_route=%2Fwp%2Fv2%2Fcategories&post=315320"},{"taxonomy":"post_tag","embeddable":true,"href":"https:\/\/archive.sana.sy\/tr\/index.php?rest_route=%2Fwp%2Fv2%2Ftags&post=315320"}],"curies":[{"name":"wp","href":"https:\/\/api.w.org\/{rel}","templated":true}]}}