{"id":315328,"date":"2025-02-12T11:23:17","date_gmt":"2025-02-12T08:23:17","guid":{"rendered":"https:\/\/sana.sy\/tr\/?p=315328"},"modified":"2025-02-12T11:23:17","modified_gmt":"2025-02-12T08:23:17","slug":"genelkurmay-baskani-suveyde-valiliginde-emekli-subaylarin-temsilcileriyle-bulustu","status":"publish","type":"post","link":"https:\/\/archive.sana.sy\/tr\/?p=315328","title":{"rendered":"Genelkurmay Ba\u015fkan\u0131, S\u00fcveyde Valili\u011fi&#8217;nde Emekli Subaylar\u0131n Temsilcileriyle Bulu\u015ftu"},"content":{"rendered":"<p style=\"text-align: justify;\"><strong>\u015eAM (SANA)<\/strong> \u2013 Genelkurmay Ba\u015fkan\u0131 T\u00fcmgeneral Ali El Naasan, yeni Savunma Bakanl\u0131\u011f\u0131 b\u00fcnyesinde i\u015flerini organize etme mekanizmas\u0131 hakk\u0131nda konu\u015fmak \u00fczere El S\u00fcveyde Valili\u011fi&#8217;ndeki emekli subaylar\u0131n temsilcileriyle bir araya geldi.<\/p>\n<div id='gallery-1' class='gallery galleryid-315328 gallery-columns-1 gallery-size-full'><figure class='gallery-item'>\n\t\t\t<div class='gallery-icon landscape'>\n\t\t\t\t<a href='https:\/\/archive.sana.sy\/tr\/wp-content\/uploads\/2025\/02\/photo_2025-02-12_10-50-14-1.jpg'><img loading=\"lazy\" decoding=\"async\" width=\"660\" height=\"371\" src=\"https:\/\/archive.sana.sy\/tr\/wp-content\/uploads\/2025\/02\/photo_2025-02-12_10-50-14-1.jpg\" class=\"attachment-full size-full\" alt=\"\" srcset=\"https:\/\/archive.sana.sy\/tr\/wp-content\/uploads\/2025\/02\/photo_2025-02-12_10-50-14-1.jpg 660w, https:\/\/archive.sana.sy\/tr\/wp-content\/uploads\/2025\/02\/photo_2025-02-12_10-50-14-1-300x169.jpg 300w\" sizes=\"auto, (max-width: 660px) 100vw, 660px\" \/><\/a>\n\t\t\t<\/div><\/figure><figure class='gallery-item'>\n\t\t\t<div class='gallery-icon landscape'>\n\t\t\t\t<a href='https:\/\/archive.sana.sy\/tr\/wp-content\/uploads\/2025\/02\/photo_2025-02-12_10-50-14-2-1.jpg'><img loading=\"lazy\" decoding=\"async\" width=\"660\" height=\"371\" src=\"https:\/\/archive.sana.sy\/tr\/wp-content\/uploads\/2025\/02\/photo_2025-02-12_10-50-14-2-1.jpg\" class=\"attachment-full size-full\" alt=\"\" srcset=\"https:\/\/archive.sana.sy\/tr\/wp-content\/uploads\/2025\/02\/photo_2025-02-12_10-50-14-2-1.jpg 660w, https:\/\/archive.sana.sy\/tr\/wp-content\/uploads\/2025\/02\/photo_2025-02-12_10-50-14-2-1-300x169.jpg 300w\" sizes=\"auto, (max-width: 660px) 100vw, 660px\" \/><\/a>\n\t\t\t<\/div><\/figure>\n\t\t<\/div>\n\n<p>&nbsp;<\/p>\n","protected":false},"excerpt":{"rendered":"<p>\u015eAM (SANA) \u2013 Genelkurmay Ba\u015fkan\u0131 T\u00fcmgeneral Ali El Naasan, yeni Savunma Bakanl\u0131\u011f\u0131 b\u00fcnyesinde i\u015flerini organize etme mekanizmas\u0131 hakk\u0131nda konu\u015fmak \u00fczere El S\u00fcveyde Valili\u011fi&#8217;ndeki emekli subaylar\u0131n temsilcileriyle bir araya geldi. &nbsp;<\/p>\n","protected":false},"author":39,"featured_media":315329,"comment_status":"closed","ping_status":"closed","sticky":false,"template":"","format":"standard","meta":{"footnotes":""},"categories":[589,479,17988,478],"tags":[],"class_list":["post-315328","post","type-post","status-publish","format-standard","has-post-thumbnail","","category-haber-seridi","category-haberler-yerel","category-son-haberler","category-yerel"],"_links":{"self":[{"href":"https:\/\/archive.sana.sy\/tr\/index.php?rest_route=\/wp\/v2\/posts\/315328","targetHints":{"allow":["GET"]}}],"collection":[{"href":"https:\/\/archive.sana.sy\/tr\/index.php?rest_route=\/wp\/v2\/posts"}],"about":[{"href":"https:\/\/archive.sana.sy\/tr\/index.php?rest_route=\/wp\/v2\/types\/post"}],"author":[{"embeddable":true,"href":"https:\/\/archive.sana.sy\/tr\/index.php?rest_route=\/wp\/v2\/users\/39"}],"replies":[{"embeddable":true,"href":"https:\/\/archive.sana.sy\/tr\/index.php?rest_route=%2Fwp%2Fv2%2Fcomments&post=315328"}],"version-history":[{"count":1,"href":"https:\/\/archive.sana.sy\/tr\/index.php?rest_route=\/wp\/v2\/posts\/315328\/revisions"}],"predecessor-version":[{"id":315334,"href":"https:\/\/archive.sana.sy\/tr\/index.php?rest_route=\/wp\/v2\/posts\/315328\/revisions\/315334"}],"wp:featuredmedia":[{"embeddable":true,"href":"https:\/\/archive.sana.sy\/tr\/index.php?rest_route=\/wp\/v2\/media\/315329"}],"wp:attachment":[{"href":"https:\/\/archive.sana.sy\/tr\/index.php?rest_route=%2Fwp%2Fv2%2Fmedia&parent=315328"}],"wp:term":[{"taxonomy":"category","embeddable":true,"href":"https:\/\/archive.sana.sy\/tr\/index.php?rest_route=%2Fwp%2Fv2%2Fcategories&post=315328"},{"taxonomy":"post_tag","embeddable":true,"href":"https:\/\/archive.sana.sy\/tr\/index.php?rest_route=%2Fwp%2Fv2%2Ftags&post=315328"}],"curies":[{"name":"wp","href":"https:\/\/api.w.org\/{rel}","templated":true}]}}