{"id":315335,"date":"2025-02-12T12:52:47","date_gmt":"2025-02-12T09:52:47","guid":{"rendered":"https:\/\/sana.sy\/tr\/?p=315335"},"modified":"2025-02-12T12:58:34","modified_gmt":"2025-02-12T09:58:34","slug":"disisleri-ve-gurbetciler-bakani-asaad-el-seybani-dubaide-duzenlenen-dunya-hukumetler-zirvesi-kapsaminda-kuveytin-al-qabas-gazetesi-gazetecisi-ammar-taki-ile-roportaj-gerceklestiriyor","status":"publish","type":"post","link":"https:\/\/archive.sana.sy\/tr\/?p=315335","title":{"rendered":"D\u0131\u015fi\u015fleri ve Gurbet\u00e7iler Bakan\u0131 Asaad  El \u015eeybani, Dubai&#8217;de d\u00fczenlenen D\u00fcnya H\u00fck\u00fcmetler Zirvesi kapsam\u0131nda Kuveyt&#8217;in Al Qabas gazetesi gazetecisi Ammar Taki ile r\u00f6portaj ger\u00e7ekle\u015ftiriyor."},"content":{"rendered":"","protected":false},"excerpt":{"rendered":"","protected":false},"author":39,"featured_media":0,"comment_status":"closed","ping_status":"closed","sticky":false,"template":"","format":"standard","meta":{"footnotes":""},"categories":[1],"tags":[],"class_list":["post-315335","post","type-post","status-publish","format-standard","","category-news-not-sorted"],"_links":{"self":[{"href":"https:\/\/archive.sana.sy\/tr\/index.php?rest_route=\/wp\/v2\/posts\/315335","targetHints":{"allow":["GET"]}}],"collection":[{"href":"https:\/\/archive.sana.sy\/tr\/index.php?rest_route=\/wp\/v2\/posts"}],"about":[{"href":"https:\/\/archive.sana.sy\/tr\/index.php?rest_route=\/wp\/v2\/types\/post"}],"author":[{"embeddable":true,"href":"https:\/\/archive.sana.sy\/tr\/index.php?rest_route=\/wp\/v2\/users\/39"}],"replies":[{"embeddable":true,"href":"https:\/\/archive.sana.sy\/tr\/index.php?rest_route=%2Fwp%2Fv2%2Fcomments&post=315335"}],"version-history":[{"count":1,"href":"https:\/\/archive.sana.sy\/tr\/index.php?rest_route=\/wp\/v2\/posts\/315335\/revisions"}],"predecessor-version":[{"id":315336,"href":"https:\/\/archive.sana.sy\/tr\/index.php?rest_route=\/wp\/v2\/posts\/315335\/revisions\/315336"}],"wp:attachment":[{"href":"https:\/\/archive.sana.sy\/tr\/index.php?rest_route=%2Fwp%2Fv2%2Fmedia&parent=315335"}],"wp:term":[{"taxonomy":"category","embeddable":true,"href":"https:\/\/archive.sana.sy\/tr\/index.php?rest_route=%2Fwp%2Fv2%2Fcategories&post=315335"},{"taxonomy":"post_tag","embeddable":true,"href":"https:\/\/archive.sana.sy\/tr\/index.php?rest_route=%2Fwp%2Fv2%2Ftags&post=315335"}],"curies":[{"name":"wp","href":"https:\/\/api.w.org\/{rel}","templated":true}]}}