{"id":315337,"date":"2025-02-12T12:55:46","date_gmt":"2025-02-12T09:55:46","guid":{"rendered":"https:\/\/sana.sy\/tr\/?p=315337"},"modified":"2025-02-12T13:04:49","modified_gmt":"2025-02-12T10:04:49","slug":"disisleri-ve-gurbetciler-bakani-asaad-el-seybani-suriyede-en-buyuk-sorunumuz-olan-suriye-halkinin-onurunu-ve-ozgurlugunu-gasp-eden-eski-rejimden-kurtulduk","status":"publish","type":"post","link":"https:\/\/archive.sana.sy\/tr\/?p=315337","title":{"rendered":"D\u0131\u015fi\u015fleri ve Gurbet\u00e7iler Bakan\u0131 Asaad El \u015eeybani: Suriye&#8217;de en b\u00fcy\u00fck sorunumuz olan Suriye halk\u0131n\u0131n onurunu ve \u00f6zg\u00fcrl\u00fc\u011f\u00fcn\u00fc gasp eden eski rejimden kurtulduk."},"content":{"rendered":"","protected":false},"excerpt":{"rendered":"","protected":false},"author":39,"featured_media":0,"comment_status":"closed","ping_status":"closed","sticky":false,"template":"","format":"standard","meta":{"footnotes":""},"categories":[1],"tags":[],"class_list":["post-315337","post","type-post","status-publish","format-standard","","category-news-not-sorted"],"_links":{"self":[{"href":"https:\/\/archive.sana.sy\/tr\/index.php?rest_route=\/wp\/v2\/posts\/315337","targetHints":{"allow":["GET"]}}],"collection":[{"href":"https:\/\/archive.sana.sy\/tr\/index.php?rest_route=\/wp\/v2\/posts"}],"about":[{"href":"https:\/\/archive.sana.sy\/tr\/index.php?rest_route=\/wp\/v2\/types\/post"}],"author":[{"embeddable":true,"href":"https:\/\/archive.sana.sy\/tr\/index.php?rest_route=\/wp\/v2\/users\/39"}],"replies":[{"embeddable":true,"href":"https:\/\/archive.sana.sy\/tr\/index.php?rest_route=%2Fwp%2Fv2%2Fcomments&post=315337"}],"version-history":[{"count":1,"href":"https:\/\/archive.sana.sy\/tr\/index.php?rest_route=\/wp\/v2\/posts\/315337\/revisions"}],"predecessor-version":[{"id":315338,"href":"https:\/\/archive.sana.sy\/tr\/index.php?rest_route=\/wp\/v2\/posts\/315337\/revisions\/315338"}],"wp:attachment":[{"href":"https:\/\/archive.sana.sy\/tr\/index.php?rest_route=%2Fwp%2Fv2%2Fmedia&parent=315337"}],"wp:term":[{"taxonomy":"category","embeddable":true,"href":"https:\/\/archive.sana.sy\/tr\/index.php?rest_route=%2Fwp%2Fv2%2Fcategories&post=315337"},{"taxonomy":"post_tag","embeddable":true,"href":"https:\/\/archive.sana.sy\/tr\/index.php?rest_route=%2Fwp%2Fv2%2Ftags&post=315337"}],"curies":[{"name":"wp","href":"https:\/\/api.w.org\/{rel}","templated":true}]}}