{"id":315347,"date":"2025-02-12T13:11:49","date_gmt":"2025-02-12T10:11:49","guid":{"rendered":"https:\/\/sana.sy\/tr\/?p=315347"},"modified":"2025-02-12T13:12:56","modified_gmt":"2025-02-12T10:12:56","slug":"el-seybani-suriye-halkinin-yeteneklerine-guveniyoruz-ve-tum-bilesenlerine-inaniyoruz-suriye-halki-binlerce-yildir-uyum-icinde-yasiyor-ve-anayasa-herkesi-yoneten-seydir","status":"publish","type":"post","link":"https:\/\/archive.sana.sy\/tr\/?p=315347","title":{"rendered":"El \u015eeybani: Suriye halk\u0131n\u0131n yeteneklerine g\u00fcveniyoruz ve t\u00fcm bile\u015fenlerine inan\u0131yoruz. Suriye halk\u0131 binlerce y\u0131ld\u0131r uyum i\u00e7inde ya\u015f\u0131yor ve anayasa herkesi y\u00f6neten \u015feydir."},"content":{"rendered":"","protected":false},"excerpt":{"rendered":"","protected":false},"author":39,"featured_media":0,"comment_status":"closed","ping_status":"closed","sticky":false,"template":"","format":"standard","meta":{"footnotes":""},"categories":[1],"tags":[],"class_list":["post-315347","post","type-post","status-publish","format-standard","","category-news-not-sorted"],"_links":{"self":[{"href":"https:\/\/archive.sana.sy\/tr\/index.php?rest_route=\/wp\/v2\/posts\/315347","targetHints":{"allow":["GET"]}}],"collection":[{"href":"https:\/\/archive.sana.sy\/tr\/index.php?rest_route=\/wp\/v2\/posts"}],"about":[{"href":"https:\/\/archive.sana.sy\/tr\/index.php?rest_route=\/wp\/v2\/types\/post"}],"author":[{"embeddable":true,"href":"https:\/\/archive.sana.sy\/tr\/index.php?rest_route=\/wp\/v2\/users\/39"}],"replies":[{"embeddable":true,"href":"https:\/\/archive.sana.sy\/tr\/index.php?rest_route=%2Fwp%2Fv2%2Fcomments&post=315347"}],"version-history":[{"count":1,"href":"https:\/\/archive.sana.sy\/tr\/index.php?rest_route=\/wp\/v2\/posts\/315347\/revisions"}],"predecessor-version":[{"id":315348,"href":"https:\/\/archive.sana.sy\/tr\/index.php?rest_route=\/wp\/v2\/posts\/315347\/revisions\/315348"}],"wp:attachment":[{"href":"https:\/\/archive.sana.sy\/tr\/index.php?rest_route=%2Fwp%2Fv2%2Fmedia&parent=315347"}],"wp:term":[{"taxonomy":"category","embeddable":true,"href":"https:\/\/archive.sana.sy\/tr\/index.php?rest_route=%2Fwp%2Fv2%2Fcategories&post=315347"},{"taxonomy":"post_tag","embeddable":true,"href":"https:\/\/archive.sana.sy\/tr\/index.php?rest_route=%2Fwp%2Fv2%2Ftags&post=315347"}],"curies":[{"name":"wp","href":"https:\/\/api.w.org\/{rel}","templated":true}]}}