{"id":315349,"date":"2025-02-12T13:13:14","date_gmt":"2025-02-12T10:13:14","guid":{"rendered":"https:\/\/sana.sy\/tr\/?p=315349"},"modified":"2025-02-12T13:15:43","modified_gmt":"2025-02-12T10:15:43","slug":"el-seybani-devlet-ve-ordu-kurmak-uzun-zaman-aliyor-kurtulusun-ilk-haftasindan-itibaren-pazarlar-universiteler-acildi-calisanlar-islerine-dondu","status":"publish","type":"post","link":"https:\/\/archive.sana.sy\/tr\/?p=315349","title":{"rendered":"El \u015eeybani: Devlet ve ordu kurmak uzun zaman al\u0131yor, kurtulu\u015fun ilk haftas\u0131ndan itibaren pazarlar, \u00fcniversiteler a\u00e7\u0131ld\u0131, \u00e7al\u0131\u015fanlar i\u015flerine d\u00f6nd\u00fc."},"content":{"rendered":"","protected":false},"excerpt":{"rendered":"","protected":false},"author":39,"featured_media":0,"comment_status":"closed","ping_status":"closed","sticky":false,"template":"","format":"standard","meta":{"footnotes":""},"categories":[1],"tags":[],"class_list":["post-315349","post","type-post","status-publish","format-standard","","category-news-not-sorted"],"_links":{"self":[{"href":"https:\/\/archive.sana.sy\/tr\/index.php?rest_route=\/wp\/v2\/posts\/315349","targetHints":{"allow":["GET"]}}],"collection":[{"href":"https:\/\/archive.sana.sy\/tr\/index.php?rest_route=\/wp\/v2\/posts"}],"about":[{"href":"https:\/\/archive.sana.sy\/tr\/index.php?rest_route=\/wp\/v2\/types\/post"}],"author":[{"embeddable":true,"href":"https:\/\/archive.sana.sy\/tr\/index.php?rest_route=\/wp\/v2\/users\/39"}],"replies":[{"embeddable":true,"href":"https:\/\/archive.sana.sy\/tr\/index.php?rest_route=%2Fwp%2Fv2%2Fcomments&post=315349"}],"version-history":[{"count":1,"href":"https:\/\/archive.sana.sy\/tr\/index.php?rest_route=\/wp\/v2\/posts\/315349\/revisions"}],"predecessor-version":[{"id":315350,"href":"https:\/\/archive.sana.sy\/tr\/index.php?rest_route=\/wp\/v2\/posts\/315349\/revisions\/315350"}],"wp:attachment":[{"href":"https:\/\/archive.sana.sy\/tr\/index.php?rest_route=%2Fwp%2Fv2%2Fmedia&parent=315349"}],"wp:term":[{"taxonomy":"category","embeddable":true,"href":"https:\/\/archive.sana.sy\/tr\/index.php?rest_route=%2Fwp%2Fv2%2Fcategories&post=315349"},{"taxonomy":"post_tag","embeddable":true,"href":"https:\/\/archive.sana.sy\/tr\/index.php?rest_route=%2Fwp%2Fv2%2Ftags&post=315349"}],"curies":[{"name":"wp","href":"https:\/\/api.w.org\/{rel}","templated":true}]}}