{"id":315351,"date":"2025-02-12T13:15:40","date_gmt":"2025-02-12T10:15:40","guid":{"rendered":"https:\/\/sana.sy\/tr\/?p=315351"},"modified":"2025-02-12T13:19:08","modified_gmt":"2025-02-12T10:19:08","slug":"el-seybani-kardes-iraki-ziyaret-etmek-icin-resmi-davet-aldim-ve-yakinda-bagdatta-olacagim","status":"publish","type":"post","link":"https:\/\/archive.sana.sy\/tr\/?p=315351","title":{"rendered":"El \u015eeybani: Karde\u015f Irak&#8217;\u0131 ziyaret etmek i\u00e7in resmi davet ald\u0131m ve yak\u0131nda Ba\u011fdat&#8217;ta olaca\u011f\u0131m."},"content":{"rendered":"","protected":false},"excerpt":{"rendered":"","protected":false},"author":39,"featured_media":0,"comment_status":"closed","ping_status":"closed","sticky":false,"template":"","format":"standard","meta":{"footnotes":""},"categories":[1],"tags":[],"class_list":["post-315351","post","type-post","status-publish","format-standard","","category-news-not-sorted"],"_links":{"self":[{"href":"https:\/\/archive.sana.sy\/tr\/index.php?rest_route=\/wp\/v2\/posts\/315351","targetHints":{"allow":["GET"]}}],"collection":[{"href":"https:\/\/archive.sana.sy\/tr\/index.php?rest_route=\/wp\/v2\/posts"}],"about":[{"href":"https:\/\/archive.sana.sy\/tr\/index.php?rest_route=\/wp\/v2\/types\/post"}],"author":[{"embeddable":true,"href":"https:\/\/archive.sana.sy\/tr\/index.php?rest_route=\/wp\/v2\/users\/39"}],"replies":[{"embeddable":true,"href":"https:\/\/archive.sana.sy\/tr\/index.php?rest_route=%2Fwp%2Fv2%2Fcomments&post=315351"}],"version-history":[{"count":1,"href":"https:\/\/archive.sana.sy\/tr\/index.php?rest_route=\/wp\/v2\/posts\/315351\/revisions"}],"predecessor-version":[{"id":315352,"href":"https:\/\/archive.sana.sy\/tr\/index.php?rest_route=\/wp\/v2\/posts\/315351\/revisions\/315352"}],"wp:attachment":[{"href":"https:\/\/archive.sana.sy\/tr\/index.php?rest_route=%2Fwp%2Fv2%2Fmedia&parent=315351"}],"wp:term":[{"taxonomy":"category","embeddable":true,"href":"https:\/\/archive.sana.sy\/tr\/index.php?rest_route=%2Fwp%2Fv2%2Fcategories&post=315351"},{"taxonomy":"post_tag","embeddable":true,"href":"https:\/\/archive.sana.sy\/tr\/index.php?rest_route=%2Fwp%2Fv2%2Ftags&post=315351"}],"curies":[{"name":"wp","href":"https:\/\/api.w.org\/{rel}","templated":true}]}}