{"id":3154,"date":"2014-06-15T15:36:01","date_gmt":"2014-06-15T12:36:01","guid":{"rendered":"http:\/\/sanasyria.org\/tr\/?p=3154"},"modified":"2014-06-17T10:30:29","modified_gmt":"2014-06-17T07:30:29","slug":"sarkisyandan-el-esada-kutlama-mesaji","status":"publish","type":"post","link":"https:\/\/archive.sana.sy\/tr\/?p=3154","title":{"rendered":"El Esad&#8217;a Kutlama Mesajlar\u0131 Gelmeye Devam Ediyor"},"content":{"rendered":"<p><span style=\"color: #800000\">\u015eAM \u2013<\/span> Cumhurba\u015fkan\u0131 Be\u015f\u015far el Esad Suriye&#8217;de yap\u0131lan cumhurba\u015fkanl\u0131\u011f\u0131 se\u00e7imlerini kazanmas\u0131 m\u00fcnasebetiyle bug\u00fcn Ermenistan Cumhurba\u015fkan\u0131 Serge Sarkisyan\u2019dan kutlama mesaj\u0131 ald\u0131.<\/p>\n<p>Sarkisyan mesaj\u0131nda Suriye&#8217;nin halk\u0131n\u0131n gelece\u011fi yolunda en k\u0131sa zamanda g\u00fcvenlik ve istikrar\u0131n\u0131 geri kazanmas\u0131 temennilerinde bulundu.<\/p>\n<p>Cumhurba\u015fkan\u0131 el Esad\u2019a ba\u015far\u0131 ve zafer dileklerinde bulunan Sarkisyan\u2019dan; \u201cdost Suriye halk\u0131na bar\u0131\u015f, g\u00fcven ve refah dolu bir gelecek temenni ediyorum..\u201d dedi.<\/p>\n<p><span style=\"color: #0000ff\">Arap ve Uluslar aras\u0131 Kurumlardan el Esad\u2019a Kutlama Mesajlar\u0131<\/span><\/p>\n<p>Di\u011fer yandan Cumhurba\u015fkan\u0131 el Esad ayn\u0131 m\u00fcnasebetten dolay\u0131 Arap ve uluslar aras\u0131 bir\u00e7ok kurum ve dernekten de kutlama mesajlar\u0131 ald\u0131.<br \/>\nMesajlarda toplu ve h\u00fcr karar\u0131yla el Esad\u2019\u0131 se\u00e7en Suriye halk\u0131 tebrik edilirken, demokratik se\u00e7imlerle kendi gelece\u011fini ve cumhurba\u015fkan\u0131n\u0131 se\u00e7en Suriye halk\u0131n\u0131n y\u00f6netimi ve ordusuyla el ele ter\u00f6r ve dayatmalara kar\u015f\u0131 m\u00fccadele \u0131srar\u0131n\u0131 ortaya koydu\u011fu ifade edildi\u0638<\/p>\n<p>Mesajlar\u0131 g\u00f6nderenler Suriye&#8217;nin el Esad\u2019\u0131n y\u00f6netiminde bar\u0131\u015f ve g\u00fcvenli\u011fine kavu\u015fmas\u0131n\u0131n yan\u0131nda ba\u015far\u0131, \u015fan, g\u00fc\u00e7 ve kalk\u0131nmalarla dolu bir gelece\u011fe do\u011fru yol alaca\u011f\u0131na inand\u0131klar\u0131n\u0131 dile getirdi.<\/p>\n<p>Mesajlar\u0131 Uluslararas\u0131 Mihai Aaminescu Akademisinin Y\u00fcr\u00fctme Kurulu, Romanya\u2019daki Avrupa Mihai Aaminescu Kurumu, Afganistan Birlik Halk\u0131nd\u0131r Partisi, Filistin Kurtulu\u015f Ordusu Genelkurmay Ba\u015fkanl\u0131\u011f\u0131 ve Suriye \u00fcniversitelerinden mezun olan Sudanl\u0131 \u00d6\u011frenciler Derne\u011fi g\u00f6nderdi.<\/p>\n","protected":false},"excerpt":{"rendered":"<p>\u015eAM \u2013 Cumhurba\u015fkan\u0131 Be\u015f\u015far el Esad Suriye&#8217;de yap\u0131lan cumhurba\u015fkanl\u0131\u011f\u0131 se\u00e7imlerini kazanmas\u0131 m\u00fcnasebetiyle bug\u00fcn Ermenistan Cumhurba\u015fkan\u0131 Serge Sarkisyan\u2019dan kutlama mesaj\u0131 ald\u0131. Sarkisyan mesaj\u0131nda Suriye&#8217;nin halk\u0131n\u0131n gelece\u011fi yolunda en k\u0131sa zamanda g\u00fcvenlik ve istikrar\u0131n\u0131 geri kazanmas\u0131 temennilerinde bulundu. Cumhurba\u015fkan\u0131 el Esad\u2019a ba\u015far\u0131 ve zafer dileklerinde bulunan Sarkisyan\u2019dan; \u201cdost Suriye halk\u0131na bar\u0131\u015f, g\u00fcven ve refah dolu bir gelecek &hellip;<\/p>\n","protected":false},"author":1,"featured_media":3155,"comment_status":"closed","ping_status":"closed","sticky":false,"template":"","format":"standard","meta":{"footnotes":""},"categories":[479,605,613,478],"tags":[632,699],"class_list":["post-3154","post","type-post","status-publish","format-standard","has-post-thumbnail","","category-haberler-yerel","category-sayin-cumhurbaskani","category-telgraflar","category-yerel","tag-el-esada-kutlama-mesajlari-gelmeye-devam-ediyor","tag-sarkisyandan-el-esada-kutlama-mesaji"],"_links":{"self":[{"href":"https:\/\/archive.sana.sy\/tr\/index.php?rest_route=\/wp\/v2\/posts\/3154","targetHints":{"allow":["GET"]}}],"collection":[{"href":"https:\/\/archive.sana.sy\/tr\/index.php?rest_route=\/wp\/v2\/posts"}],"about":[{"href":"https:\/\/archive.sana.sy\/tr\/index.php?rest_route=\/wp\/v2\/types\/post"}],"author":[{"embeddable":true,"href":"https:\/\/archive.sana.sy\/tr\/index.php?rest_route=\/wp\/v2\/users\/1"}],"replies":[{"embeddable":true,"href":"https:\/\/archive.sana.sy\/tr\/index.php?rest_route=%2Fwp%2Fv2%2Fcomments&post=3154"}],"version-history":[{"count":0,"href":"https:\/\/archive.sana.sy\/tr\/index.php?rest_route=\/wp\/v2\/posts\/3154\/revisions"}],"wp:featuredmedia":[{"embeddable":true,"href":"https:\/\/archive.sana.sy\/tr\/index.php?rest_route=\/wp\/v2\/media\/3155"}],"wp:attachment":[{"href":"https:\/\/archive.sana.sy\/tr\/index.php?rest_route=%2Fwp%2Fv2%2Fmedia&parent=3154"}],"wp:term":[{"taxonomy":"category","embeddable":true,"href":"https:\/\/archive.sana.sy\/tr\/index.php?rest_route=%2Fwp%2Fv2%2Fcategories&post=3154"},{"taxonomy":"post_tag","embeddable":true,"href":"https:\/\/archive.sana.sy\/tr\/index.php?rest_route=%2Fwp%2Fv2%2Ftags&post=3154"}],"curies":[{"name":"wp","href":"https:\/\/api.w.org\/{rel}","templated":true}]}}