{"id":315421,"date":"2025-02-13T15:44:55","date_gmt":"2025-02-13T12:44:55","guid":{"rendered":"https:\/\/sana.sy\/tr\/?p=315421"},"modified":"2025-02-15T11:35:17","modified_gmt":"2025-02-15T08:35:17","slug":"bakan-el-seybani-pariste-fransiz-mevkidasiyla-gorustu","status":"publish","type":"post","link":"https:\/\/archive.sana.sy\/tr\/?p=315421","title":{"rendered":"Bakan El \u015eeybani, Paris&#8217;te Frans\u0131z Mevkida\u015f\u0131yla G\u00f6r\u00fc\u015ft\u00fc"},"content":{"rendered":"<p style=\"text-align: justify;\"><strong><span style=\"color: #800000;\">\u015eAM (SANA)<\/span> &#8211;<\/strong>\u00a0 D\u0131\u015fi\u015fleri Bakan\u0131 Esad El \u015eeybani, Paris&#8217;te Frans\u0131z mevkida\u015f\u0131 Jean-Noel Barrot ile bir araya geldi.<\/p>\n<p style=\"text-align: justify;\">Bakan El \u015eeybani, uluslararas\u0131 ba\u011f\u0131\u015f\u00e7\u0131lar aras\u0131ndaki koordinasyonun yenilenmesi amac\u0131yla d\u00fczenlenen toplant\u0131ya kat\u0131ld\u0131.<\/p>\n<p style=\"text-align: justify;\">D\u0131\u015fi\u015fleri Bakan\u0131 ayr\u0131ca Fransa&#8217;n\u0131n ba\u015fkenti Paris&#8217;te Suriye konusunda \u00e7al\u0131\u015fan Suriyeli insan haklar\u0131 aktivistleriyle bir araya geldi.<\/p>\n<div id='gallery-1' class='gallery galleryid-315421 gallery-columns-1 gallery-size-full'><figure class='gallery-item'>\n\t\t\t<div class='gallery-icon landscape'>\n\t\t\t\t<a href='https:\/\/archive.sana.sy\/tr\/?attachment_id=315423'><img loading=\"lazy\" decoding=\"async\" width=\"660\" height=\"370\" src=\"https:\/\/archive.sana.sy\/tr\/wp-content\/uploads\/2025\/02\/0001.jpg\" class=\"attachment-full size-full\" alt=\"\" srcset=\"https:\/\/archive.sana.sy\/tr\/wp-content\/uploads\/2025\/02\/0001.jpg 660w, https:\/\/archive.sana.sy\/tr\/wp-content\/uploads\/2025\/02\/0001-300x168.jpg 300w\" sizes=\"auto, (max-width: 660px) 100vw, 660px\" \/><\/a>\n\t\t\t<\/div><\/figure><figure class='gallery-item'>\n\t\t\t<div class='gallery-icon landscape'>\n\t\t\t\t<a href='https:\/\/archive.sana.sy\/tr\/?attachment_id=315424'><img loading=\"lazy\" decoding=\"async\" width=\"660\" height=\"440\" src=\"https:\/\/archive.sana.sy\/tr\/wp-content\/uploads\/2025\/02\/0000.jpg\" class=\"attachment-full size-full\" alt=\"\" srcset=\"https:\/\/archive.sana.sy\/tr\/wp-content\/uploads\/2025\/02\/0000.jpg 660w, https:\/\/archive.sana.sy\/tr\/wp-content\/uploads\/2025\/02\/0000-300x200.jpg 300w\" sizes=\"auto, (max-width: 660px) 100vw, 660px\" \/><\/a>\n\t\t\t<\/div><\/figure>\n\t\t<\/div>\n\n","protected":false},"excerpt":{"rendered":"<p>\u015eAM (SANA) &#8211;\u00a0 D\u0131\u015fi\u015fleri Bakan\u0131 Esad El \u015eeybani, Paris&#8217;te Frans\u0131z mevkida\u015f\u0131 Jean-Noel Barrot ile bir araya geldi. Bakan El \u015eeybani, uluslararas\u0131 ba\u011f\u0131\u015f\u00e7\u0131lar aras\u0131ndaki koordinasyonun yenilenmesi amac\u0131yla d\u00fczenlenen toplant\u0131ya kat\u0131ld\u0131. D\u0131\u015fi\u015fleri Bakan\u0131 ayr\u0131ca Fransa&#8217;n\u0131n ba\u015fkenti Paris&#8217;te Suriye konusunda \u00e7al\u0131\u015fan Suriyeli insan haklar\u0131 aktivistleriyle bir araya geldi.<\/p>\n","protected":false},"author":41,"featured_media":315422,"comment_status":"closed","ping_status":"closed","sticky":false,"template":"","format":"standard","meta":{"footnotes":""},"categories":[458,589,459,17988],"tags":[43131,43345],"class_list":["post-315421","post","type-post","status-publish","format-standard","has-post-thumbnail","","category-dunya1","category-haber-seridi","category-haberler-arap-uluslararasi-politika","category-son-haberler","tag-bakan-el-seybani","tag-pariste-fransiz-mevkidasiyla-gorustu"],"_links":{"self":[{"href":"https:\/\/archive.sana.sy\/tr\/index.php?rest_route=\/wp\/v2\/posts\/315421","targetHints":{"allow":["GET"]}}],"collection":[{"href":"https:\/\/archive.sana.sy\/tr\/index.php?rest_route=\/wp\/v2\/posts"}],"about":[{"href":"https:\/\/archive.sana.sy\/tr\/index.php?rest_route=\/wp\/v2\/types\/post"}],"author":[{"embeddable":true,"href":"https:\/\/archive.sana.sy\/tr\/index.php?rest_route=\/wp\/v2\/users\/41"}],"replies":[{"embeddable":true,"href":"https:\/\/archive.sana.sy\/tr\/index.php?rest_route=%2Fwp%2Fv2%2Fcomments&post=315421"}],"version-history":[{"count":1,"href":"https:\/\/archive.sana.sy\/tr\/index.php?rest_route=\/wp\/v2\/posts\/315421\/revisions"}],"predecessor-version":[{"id":315425,"href":"https:\/\/archive.sana.sy\/tr\/index.php?rest_route=\/wp\/v2\/posts\/315421\/revisions\/315425"}],"wp:featuredmedia":[{"embeddable":true,"href":"https:\/\/archive.sana.sy\/tr\/index.php?rest_route=\/wp\/v2\/media\/315422"}],"wp:attachment":[{"href":"https:\/\/archive.sana.sy\/tr\/index.php?rest_route=%2Fwp%2Fv2%2Fmedia&parent=315421"}],"wp:term":[{"taxonomy":"category","embeddable":true,"href":"https:\/\/archive.sana.sy\/tr\/index.php?rest_route=%2Fwp%2Fv2%2Fcategories&post=315421"},{"taxonomy":"post_tag","embeddable":true,"href":"https:\/\/archive.sana.sy\/tr\/index.php?rest_route=%2Fwp%2Fv2%2Ftags&post=315421"}],"curies":[{"name":"wp","href":"https:\/\/api.w.org\/{rel}","templated":true}]}}