{"id":315439,"date":"2025-02-13T17:41:43","date_gmt":"2025-02-13T14:41:43","guid":{"rendered":"https:\/\/sana.sy\/tr\/?p=315439"},"modified":"2025-02-15T11:33:59","modified_gmt":"2025-02-15T08:33:59","slug":"ulusal-diyalog-konferansi-hazirlik-komitesi-suriyenin-geleceginin-ozelliklerini-cizmek-icin-tarihi-bir-firsatla-karsi-karsiyayiz","status":"publish","type":"post","link":"https:\/\/archive.sana.sy\/tr\/?p=315439","title":{"rendered":"Ulusal Diyalog Konferans\u0131 Haz\u0131rl\u0131k Komitesi: Suriye&#8217;nin Gelece\u011finin \u00d6zelliklerini \u00c7izmek \u0130\u00e7in Tarihi Bir F\u0131rsatla Kar\u015f\u0131 Kar\u015f\u0131yay\u0131z"},"content":{"rendered":"<p style=\"text-align: justify;\"><span style=\"color: #800000;\"><strong>\u015eAM (SANA) &#8211;<\/strong><\/span> Ulusal Diyalog Konferans\u0131 Haz\u0131rl\u0131k Komitesi, Suriye&#8217;nin, Suriyeli kad\u0131n ve erkeklerin birli\u011fini g\u00fc\u00e7lendiren, yeni bir anlay\u0131\u015f, uzla\u015f\u0131 ve in\u015fa a\u015famas\u0131 kuran sorumlu bir ulusal diyalog yoluyla gelece\u011fin \u00e7izgilerini \u00e7izmek i\u00e7in tarihi bir f\u0131rsata sahip oldu\u011funu duyurdu.<\/p>\n<p style=\"text-align: justify;\"><img loading=\"lazy\" decoding=\"async\" class=\" wp-image-315441 alignright\" src=\"http:\/\/sana.sy\/tr\/wp-content\/uploads\/2025\/02\/1-10.jpg\" alt=\"\" width=\"265\" height=\"170\" \/>Komite \u00fcyesi Huda Atasi&#8217;nin bug\u00fcn Enformasyon Bakanl\u0131\u011f\u0131 binas\u0131nda d\u00fczenledi\u011fi bas\u0131n toplant\u0131s\u0131nda okudu\u011fu ilk a\u00e7\u0131klamada, Komite, konferans\u0131n toplumsal, siyasal, ekonomik ve y\u00f6neti\u015fim konular\u0131n\u0131 tart\u0131\u015fmay\u0131, ulusal uzla\u015f\u0131ya, adalete, reforma ve kapsaml\u0131 temsile dayal\u0131 bir gelecek i\u00e7in sa\u011flam temeller atmay\u0131 ama\u00e7lad\u0131\u011f\u0131n\u0131 vurgulad\u0131.<\/p>\n<p style=\"text-align: justify;\">A\u00e7\u0131klamada, konferans\u0131n Suriyeli kad\u0131n ve erkeklerin yetmi\u015f be\u015f y\u0131l sonra ilk kez ger\u00e7ek anlamda bir araya geldi\u011fi, diyalog yakla\u015f\u0131m\u0131n\u0131 olu\u015fturmak, \u00f6nemli ulusal sorunlar\u0131 tart\u0131\u015fmak ve uygun \u00e7\u00f6z\u00fcmler bulmak amac\u0131yla d\u00fczenlendi\u011fi belirtildi.<\/p>\n<p style=\"text-align: justify;\">A\u00e7\u0131klamada ayr\u0131ca, toplumsal ve siyasal \u00e7e\u015fitlili\u011fi yans\u0131tan ger\u00e7ek kat\u0131l\u0131m\u0131n\u00a0sa\u011flanmas\u0131 ve kapsaml\u0131 bir diyalog kurulmas\u0131 i\u00e7in Suriye halk\u0131n\u0131n farkl\u0131 il ve bile\u015fenlerdeki t\u00fcm kesimlerinin s\u00fcrece dahil edilmesinin\u00a0gereklili\u011fi <img loading=\"lazy\" decoding=\"async\" class=\" wp-image-315444 alignright\" src=\"http:\/\/sana.sy\/tr\/wp-content\/uploads\/2025\/02\/2-11.jpg\" alt=\"\" width=\"265\" height=\"149\" \/>vurguland\u0131.<\/p>\n<p style=\"text-align: justify;\">A\u00e7\u0131klamada diyalo\u011fun asl\u0131nda kurtulu\u015f an\u0131ndan itibaren ba\u015flad\u0131\u011f\u0131,\u00a0Suriye&#8217;nin \u00e7e\u015fitli valiliklerinde geni\u015f bir toplumsal hareketin ya\u015fand\u0131\u011f\u0131, toplumsal kurumlar, valilikler ve sivil toplum \u00f6rg\u00fctleri taraf\u0131ndan d\u00fczenlenen y\u00fczlerce diyalog semineri ve uzmanl\u0131k toplant\u0131s\u0131yla temsil edildi\u011fi de ifade edildi.<\/p>\n<p style=\"text-align: justify;\">A\u00e7\u0131klamada, konferansta, g\u00fcndeme getirilen konular\u0131n derinlemesine tart\u0131\u015f\u0131laca\u011f\u0131 profesyonellerin liderli\u011finde \u00f6zel at\u00f6lye \u00e7al\u0131\u015fmalar\u0131n\u0131n yan\u0131 s\u0131ra, di\u011fer konular\u0131n da g\u00fcndeme getirilebilece\u011fi a\u00e7\u0131k bir alan sa\u011flanaca\u011f\u0131 kaydedildi.<\/p>\n<p style=\"text-align: justify;\">\u0650Atasi&#8217;nin a\u00e7\u0131klamada \u015fu ifadelere de yer verildi: \u2018\u2019Suriyeli kad\u0131n ve erkeklerin birli\u011fini g\u00fc\u00e7lendiren, yeni bir anlay\u0131\u015f, uzla\u015f\u0131 ve in\u015fa a\u015famas\u0131 kuran sorumlu bir ulusal diyalog yoluyla gelece\u011fin Suriye&#8217;sinin hatlar\u0131n\u0131 \u00e7izmek i\u00e7in tarihi bir f\u0131rsatla kar\u015f\u0131 kar\u015f\u0131yay\u0131z.\u2019\u2019<\/p>\n","protected":false},"excerpt":{"rendered":"<p>\u015eAM (SANA) &#8211; Ulusal Diyalog Konferans\u0131 Haz\u0131rl\u0131k Komitesi, Suriye&#8217;nin, Suriyeli kad\u0131n ve erkeklerin birli\u011fini g\u00fc\u00e7lendiren, yeni bir anlay\u0131\u015f, uzla\u015f\u0131 ve in\u015fa a\u015famas\u0131 kuran sorumlu bir ulusal diyalog yoluyla gelece\u011fin \u00e7izgilerini \u00e7izmek i\u00e7in tarihi bir f\u0131rsata sahip oldu\u011funu duyurdu. Komite \u00fcyesi Huda Atasi&#8217;nin bug\u00fcn Enformasyon Bakanl\u0131\u011f\u0131 binas\u0131nda d\u00fczenledi\u011fi bas\u0131n toplant\u0131s\u0131nda okudu\u011fu ilk a\u00e7\u0131klamada, Komite, konferans\u0131n toplumsal, &hellip;<\/p>\n","protected":false},"author":41,"featured_media":315440,"comment_status":"closed","ping_status":"closed","sticky":false,"template":"","format":"standard","meta":{"footnotes":""},"categories":[459,447,6459,17988,478],"tags":[43352],"class_list":["post-315439","post","type-post","status-publish","format-standard","has-post-thumbnail","","category-haberler-arap-uluslararasi-politika","category-politika","category-sana-fotolarl","category-son-haberler","category-yerel","tag-ulusal-diyalog-konferansi-hazirlik-komitesi-suriyenin-geleceginin-ozelliklerini-cizmek-icin-tarihi-bir-firsatla-karsi-karsiyayiz"],"_links":{"self":[{"href":"https:\/\/archive.sana.sy\/tr\/index.php?rest_route=\/wp\/v2\/posts\/315439","targetHints":{"allow":["GET"]}}],"collection":[{"href":"https:\/\/archive.sana.sy\/tr\/index.php?rest_route=\/wp\/v2\/posts"}],"about":[{"href":"https:\/\/archive.sana.sy\/tr\/index.php?rest_route=\/wp\/v2\/types\/post"}],"author":[{"embeddable":true,"href":"https:\/\/archive.sana.sy\/tr\/index.php?rest_route=\/wp\/v2\/users\/41"}],"replies":[{"embeddable":true,"href":"https:\/\/archive.sana.sy\/tr\/index.php?rest_route=%2Fwp%2Fv2%2Fcomments&post=315439"}],"version-history":[{"count":3,"href":"https:\/\/archive.sana.sy\/tr\/index.php?rest_route=\/wp\/v2\/posts\/315439\/revisions"}],"predecessor-version":[{"id":315447,"href":"https:\/\/archive.sana.sy\/tr\/index.php?rest_route=\/wp\/v2\/posts\/315439\/revisions\/315447"}],"wp:featuredmedia":[{"embeddable":true,"href":"https:\/\/archive.sana.sy\/tr\/index.php?rest_route=\/wp\/v2\/media\/315440"}],"wp:attachment":[{"href":"https:\/\/archive.sana.sy\/tr\/index.php?rest_route=%2Fwp%2Fv2%2Fmedia&parent=315439"}],"wp:term":[{"taxonomy":"category","embeddable":true,"href":"https:\/\/archive.sana.sy\/tr\/index.php?rest_route=%2Fwp%2Fv2%2Fcategories&post=315439"},{"taxonomy":"post_tag","embeddable":true,"href":"https:\/\/archive.sana.sy\/tr\/index.php?rest_route=%2Fwp%2Fv2%2Ftags&post=315439"}],"curies":[{"name":"wp","href":"https:\/\/api.w.org\/{rel}","templated":true}]}}