{"id":315470,"date":"2025-02-14T08:00:07","date_gmt":"2025-02-14T05:00:07","guid":{"rendered":"https:\/\/sana.sy\/tr\/?p=315470"},"modified":"2025-02-14T11:07:17","modified_gmt":"2025-02-14T08:07:17","slug":"uluslararasi-orgutler-pariste-bir-araya-gelerek-suriyenin-yeniden-insasina-yardimci-olma-konusundaki-istekliliklerini-vurguladi","status":"publish","type":"post","link":"https:\/\/archive.sana.sy\/tr\/?p=315470","title":{"rendered":"Uluslararas\u0131 \u00d6rg\u00fctler Paris&#8217;te Bir Araya Gelerek Suriye&#8217;nin Yeniden \u0130n\u015fas\u0131na Yard\u0131mc\u0131 Olma Konusundaki \u0130stekliliklerini Vurgulad\u0131"},"content":{"rendered":"<p style=\"text-align: justify;\"><strong>PAR\u0130S (SANA) \u2013<\/strong> \u00c7ok say\u0131da uluslararas\u0131 kalk\u0131nma \u00f6rg\u00fct\u00fcn\u00fcn temsilcileri, D\u0131\u015fi\u015fleri Bakan\u0131 Say\u0131n Asaad El \u015eeybani&#8217;nin kat\u0131l\u0131m\u0131yla bug\u00fcn ba\u015flayan Suriye konulu Paris Konferans\u0131 \u00e7er\u00e7evesinde yap\u0131lan toplant\u0131da, enerji, ula\u015ft\u0131rma ve e\u011fitim gibi \u00f6ncelikli sekt\u00f6rlerde Suriye&#8217;ye uygulanan yapt\u0131r\u0131mlar\u0131n kald\u0131r\u0131lmas\u0131n\u0131 sa\u011flayarak Suriye&#8217;nin yeniden in\u015fas\u0131na yard\u0131mc\u0131 olma konusunda istekli olduklar\u0131n\u0131 vurgulad\u0131lar.<\/p>\n<p style=\"text-align: justify;\">Fransa D\u0131\u015fi\u015fleri Bakanl\u0131\u011f\u0131, uluslararas\u0131 kalk\u0131nma \u00f6rg\u00fctlerinin, Suriye&#8217;ye ili\u015fkin Paris Konferans\u0131 kapsam\u0131nda Paris&#8217;te bir araya gelerek, insani yard\u0131m ve yeniden yap\u0131lanma \u00e7al\u0131\u015fmalar\u0131nda kar\u015f\u0131la\u015ft\u0131klar\u0131 zorluklar\u0131 g\u00f6r\u00fc\u015ft\u00fc\u011f\u00fcn\u00fc bildirdi.<\/p>\n<p style=\"text-align: justify;\">Kat\u0131l\u0131mc\u0131lar, insani yard\u0131mlar\u0131n Suriye&#8217;nin her yerine herhangi bir engele tak\u0131lmadan ula\u015fmas\u0131n\u0131 sa\u011flamak i\u00e7in birlikte \u00e7al\u0131\u015fma arzusunu dile getirdiler.<\/p>\n<p style=\"text-align: justify;\">Kat\u0131l\u0131mc\u0131lar ayr\u0131ca, \u00fclkenin yeniden in\u015fas\u0131ndan t\u00fcm Suriye toplumunun faydalanmas\u0131 gerekti\u011fini kaydetti ve \u00a0Suriyeli m\u00fcltecilerin \u00fclkelerine g\u00fcvenli ve g\u00f6n\u00fcll\u00fc bir \u015fekilde geri d\u00f6nmeleri konusundaki isteklerinini Suriye y\u00f6netimiyle \u00e7e\u015fitli alanlarda birlikte \u00e7al\u0131\u015farak \u00fclkenin kalk\u0131nmas\u0131na yard\u0131mc\u0131 olacaklar\u0131n\u0131 vurgulad\u0131lar.<\/p>\n<p>&nbsp;<\/p>\n<p>Toplant\u0131ya D\u0131\u015fi\u015fleri Bakan\u0131 Asaad El \u015eeybani ve Fransa&#8217;n\u0131n Frankofoni ve Uluslararas\u0131 Ortakl\u0131klardan Sorumlu Devlet Bakan\u0131 Sani Muhammed Suveylhikat\u0131ld\u0131. Toplant\u0131ya, \u00a0Uluslararas\u0131 Para Fonu, D\u00fcnya Bankas\u0131, Birle\u015fmi\u015f Milletler D\u00fcnya G\u0131da Program\u0131 ve \u00e7ok say\u0131da uluslararas\u0131 kalk\u0131nma \u00f6rg\u00fct\u00fcn\u00fcn temsilcileri de kat\u0131ld\u0131.<\/p>\n","protected":false},"excerpt":{"rendered":"<p>PAR\u0130S (SANA) \u2013 \u00c7ok say\u0131da uluslararas\u0131 kalk\u0131nma \u00f6rg\u00fct\u00fcn\u00fcn temsilcileri, D\u0131\u015fi\u015fleri Bakan\u0131 Say\u0131n Asaad El \u015eeybani&#8217;nin kat\u0131l\u0131m\u0131yla bug\u00fcn ba\u015flayan Suriye konulu Paris Konferans\u0131 \u00e7er\u00e7evesinde yap\u0131lan toplant\u0131da, enerji, ula\u015ft\u0131rma ve e\u011fitim gibi \u00f6ncelikli sekt\u00f6rlerde Suriye&#8217;ye uygulanan yapt\u0131r\u0131mlar\u0131n kald\u0131r\u0131lmas\u0131n\u0131 sa\u011flayarak Suriye&#8217;nin yeniden in\u015fas\u0131na yard\u0131mc\u0131 olma konusunda istekli olduklar\u0131n\u0131 vurgulad\u0131lar. Fransa D\u0131\u015fi\u015fleri Bakanl\u0131\u011f\u0131, uluslararas\u0131 kalk\u0131nma \u00f6rg\u00fctlerinin, Suriye&#8217;ye ili\u015fkin Paris &hellip;<\/p>\n","protected":false},"author":44,"featured_media":315471,"comment_status":"closed","ping_status":"closed","sticky":false,"template":"","format":"standard","meta":{"footnotes":""},"categories":[458,589,459,17988],"tags":[43359],"class_list":["post-315470","post","type-post","status-publish","format-standard","has-post-thumbnail","","category-dunya1","category-haber-seridi","category-haberler-arap-uluslararasi-politika","category-son-haberler","tag-uluslararasi-orgutler-pariste-bir-araya-gelerek-suriyenin-yeniden-insasina-yardimci-olma-konusundaki-istekliliklerini-vurguladi"],"_links":{"self":[{"href":"https:\/\/archive.sana.sy\/tr\/index.php?rest_route=\/wp\/v2\/posts\/315470","targetHints":{"allow":["GET"]}}],"collection":[{"href":"https:\/\/archive.sana.sy\/tr\/index.php?rest_route=\/wp\/v2\/posts"}],"about":[{"href":"https:\/\/archive.sana.sy\/tr\/index.php?rest_route=\/wp\/v2\/types\/post"}],"author":[{"embeddable":true,"href":"https:\/\/archive.sana.sy\/tr\/index.php?rest_route=\/wp\/v2\/users\/44"}],"replies":[{"embeddable":true,"href":"https:\/\/archive.sana.sy\/tr\/index.php?rest_route=%2Fwp%2Fv2%2Fcomments&post=315470"}],"version-history":[{"count":1,"href":"https:\/\/archive.sana.sy\/tr\/index.php?rest_route=\/wp\/v2\/posts\/315470\/revisions"}],"predecessor-version":[{"id":315472,"href":"https:\/\/archive.sana.sy\/tr\/index.php?rest_route=\/wp\/v2\/posts\/315470\/revisions\/315472"}],"wp:featuredmedia":[{"embeddable":true,"href":"https:\/\/archive.sana.sy\/tr\/index.php?rest_route=\/wp\/v2\/media\/315471"}],"wp:attachment":[{"href":"https:\/\/archive.sana.sy\/tr\/index.php?rest_route=%2Fwp%2Fv2%2Fmedia&parent=315470"}],"wp:term":[{"taxonomy":"category","embeddable":true,"href":"https:\/\/archive.sana.sy\/tr\/index.php?rest_route=%2Fwp%2Fv2%2Fcategories&post=315470"},{"taxonomy":"post_tag","embeddable":true,"href":"https:\/\/archive.sana.sy\/tr\/index.php?rest_route=%2Fwp%2Fv2%2Ftags&post=315470"}],"curies":[{"name":"wp","href":"https:\/\/api.w.org\/{rel}","templated":true}]}}