{"id":315518,"date":"2025-02-15T18:17:46","date_gmt":"2025-02-15T15:17:46","guid":{"rendered":"https:\/\/sana.sy\/tr\/?p=315518"},"modified":"2025-02-15T18:17:46","modified_gmt":"2025-02-15T15:17:46","slug":"el-seybani-almanya-disisleri-bakani-irak-kurdistan-bolgesi-baskani-ve-lihtenstaynin-bm-temsilcisi-ile-gorustu","status":"publish","type":"post","link":"https:\/\/archive.sana.sy\/tr\/?p=315518","title":{"rendered":"El \u015eeybani, Almanya D\u0131\u015fi\u015fleri Bakan\u0131, Irak K\u00fcrdistan B\u00f6lgesi Ba\u015fkan\u0131 Ve Lihten\u015ftayn&#8217;\u0131n BM Temsilcisi \u0130le G\u00f6r\u00fc\u015ft\u00fc"},"content":{"rendered":"<p style=\"text-align: justify;\"><span style=\"color: #800000;\"><strong>M\u00dcN\u0130H (SANA)<\/strong> &#8211;<\/span> D\u0131\u015fi\u015fleri Bakan\u0131 Asaad El \u015eeybani, Almanya&#8217;da d\u00fczenlenen M\u00fcnih G\u00fcvenlik Konferans\u0131 kapsam\u0131nda Alman D\u0131\u015fi\u015fleri Bakan\u0131 Annalena Baerbock ile bir araya geldi.<\/p>\n<p style=\"text-align: justify;\">Bakan El \u015eeybani ayr\u0131ca Irak K\u00fcrdistan B\u00f6lgesi Ba\u015fkan\u0131 Ne\u00e7irvan Barzani ve New York&#8217;taki Birle\u015fmi\u015f Milletler Lihten\u015ftayn Prensli\u011fi Daimi Temsilcisi B\u00fcy\u00fckel\u00e7i Venaweser ile bir araya geldi.<\/p>\n<div id='gallery-1' class='gallery galleryid-315518 gallery-columns-1 gallery-size-full'><figure class='gallery-item'>\n\t\t\t<div class='gallery-icon landscape'>\n\t\t\t\t<a href='https:\/\/archive.sana.sy\/tr\/?attachment_id=315521'><img loading=\"lazy\" decoding=\"async\" width=\"660\" height=\"370\" src=\"https:\/\/archive.sana.sy\/tr\/wp-content\/uploads\/2025\/02\/\u0631\u0631\u0631\u0631\u0631\u0631\u0631\u0631\u0631\u0631\u0631\u0631\u0631\u0631\u0631\u0631\u0631\u0631\u0631\u0631.jpg\" class=\"attachment-full size-full\" alt=\"\" srcset=\"https:\/\/archive.sana.sy\/tr\/wp-content\/uploads\/2025\/02\/\u0631\u0631\u0631\u0631\u0631\u0631\u0631\u0631\u0631\u0631\u0631\u0631\u0631\u0631\u0631\u0631\u0631\u0631\u0631\u0631.jpg 660w, https:\/\/archive.sana.sy\/tr\/wp-content\/uploads\/2025\/02\/\u0631\u0631\u0631\u0631\u0631\u0631\u0631\u0631\u0631\u0631\u0631\u0631\u0631\u0631\u0631\u0631\u0631\u0631\u0631\u0631-300x168.jpg 300w\" sizes=\"auto, (max-width: 660px) 100vw, 660px\" \/><\/a>\n\t\t\t<\/div><\/figure><figure class='gallery-item'>\n\t\t\t<div class='gallery-icon landscape'>\n\t\t\t\t<a href='https:\/\/archive.sana.sy\/tr\/?attachment_id=315520'><img loading=\"lazy\" decoding=\"async\" width=\"660\" height=\"370\" src=\"https:\/\/archive.sana.sy\/tr\/wp-content\/uploads\/2025\/02\/\u0631\u0631\u0631\u0631\u0631\u0631-1.jpg\" class=\"attachment-full size-full\" alt=\"\" srcset=\"https:\/\/archive.sana.sy\/tr\/wp-content\/uploads\/2025\/02\/\u0631\u0631\u0631\u0631\u0631\u0631-1.jpg 660w, https:\/\/archive.sana.sy\/tr\/wp-content\/uploads\/2025\/02\/\u0631\u0631\u0631\u0631\u0631\u0631-1-300x168.jpg 300w\" sizes=\"auto, (max-width: 660px) 100vw, 660px\" \/><\/a>\n\t\t\t<\/div><\/figure>\n\t\t<\/div>\n\n","protected":false},"excerpt":{"rendered":"<p>M\u00dcN\u0130H (SANA) &#8211; D\u0131\u015fi\u015fleri Bakan\u0131 Asaad El \u015eeybani, Almanya&#8217;da d\u00fczenlenen M\u00fcnih G\u00fcvenlik Konferans\u0131 kapsam\u0131nda Alman D\u0131\u015fi\u015fleri Bakan\u0131 Annalena Baerbock ile bir araya geldi. Bakan El \u015eeybani ayr\u0131ca Irak K\u00fcrdistan B\u00f6lgesi Ba\u015fkan\u0131 Ne\u00e7irvan Barzani ve New York&#8217;taki Birle\u015fmi\u015f Milletler Lihten\u015ftayn Prensli\u011fi Daimi Temsilcisi B\u00fcy\u00fckel\u00e7i Venaweser ile bir araya geldi.<\/p>\n","protected":false},"author":41,"featured_media":315519,"comment_status":"closed","ping_status":"closed","sticky":false,"template":"","format":"standard","meta":{"footnotes":""},"categories":[458,596,459,17988],"tags":[33733,43384,43385],"class_list":["post-315518","post","type-post","status-publish","format-standard","has-post-thumbnail","","category-dunya1","category-fotografli-raporlar","category-haberler-arap-uluslararasi-politika","category-son-haberler","tag-almanya-disisleri-bakani","tag-el-seybani","tag-irak-kurdistan-bolgesi-baskani-ve-lihtenstaynin-bm-temsilcisi-ile-gorustu"],"_links":{"self":[{"href":"https:\/\/archive.sana.sy\/tr\/index.php?rest_route=\/wp\/v2\/posts\/315518","targetHints":{"allow":["GET"]}}],"collection":[{"href":"https:\/\/archive.sana.sy\/tr\/index.php?rest_route=\/wp\/v2\/posts"}],"about":[{"href":"https:\/\/archive.sana.sy\/tr\/index.php?rest_route=\/wp\/v2\/types\/post"}],"author":[{"embeddable":true,"href":"https:\/\/archive.sana.sy\/tr\/index.php?rest_route=\/wp\/v2\/users\/41"}],"replies":[{"embeddable":true,"href":"https:\/\/archive.sana.sy\/tr\/index.php?rest_route=%2Fwp%2Fv2%2Fcomments&post=315518"}],"version-history":[{"count":1,"href":"https:\/\/archive.sana.sy\/tr\/index.php?rest_route=\/wp\/v2\/posts\/315518\/revisions"}],"predecessor-version":[{"id":315522,"href":"https:\/\/archive.sana.sy\/tr\/index.php?rest_route=\/wp\/v2\/posts\/315518\/revisions\/315522"}],"wp:featuredmedia":[{"embeddable":true,"href":"https:\/\/archive.sana.sy\/tr\/index.php?rest_route=\/wp\/v2\/media\/315519"}],"wp:attachment":[{"href":"https:\/\/archive.sana.sy\/tr\/index.php?rest_route=%2Fwp%2Fv2%2Fmedia&parent=315518"}],"wp:term":[{"taxonomy":"category","embeddable":true,"href":"https:\/\/archive.sana.sy\/tr\/index.php?rest_route=%2Fwp%2Fv2%2Fcategories&post=315518"},{"taxonomy":"post_tag","embeddable":true,"href":"https:\/\/archive.sana.sy\/tr\/index.php?rest_route=%2Fwp%2Fv2%2Ftags&post=315518"}],"curies":[{"name":"wp","href":"https:\/\/api.w.org\/{rel}","templated":true}]}}