{"id":315523,"date":"2025-02-15T18:22:28","date_gmt":"2025-02-15T15:22:28","guid":{"rendered":"https:\/\/sana.sy\/tr\/?p=315523"},"modified":"2025-02-15T18:22:28","modified_gmt":"2025-02-15T15:22:28","slug":"slovenya-disisleri-bakani-suriyeye-yonelik-yaptirimlarin-kaldirilmasi-acildir","status":"publish","type":"post","link":"https:\/\/archive.sana.sy\/tr\/?p=315523","title":{"rendered":"Slovenya D\u0131\u015fi\u015fleri Bakan\u0131: Suriye&#8217;ye Y\u00f6nelik Yapt\u0131r\u0131mlar\u0131n Kald\u0131r\u0131lmas\u0131 Acildir"},"content":{"rendered":"<p style=\"text-align: justify;\"><span style=\"color: #800000;\"><strong>BERL\u0130N (SANA)<\/strong> <\/span>&#8211;\u00a0 Slovenya D\u0131\u015fi\u015fleri Bakan\u0131 Tanja Fajon, Suriye&#8217;ye y\u00f6nelik yapt\u0131r\u0131mlar\u0131n kald\u0131r\u0131lmas\u0131n\u0131n acil oldu\u011funu vurgulayarak, \u00fclkesinin Suriye halk\u0131n\u0131n t\u00fcm kesimlerini temsil eden bir h\u00fck\u00fcmet kurma arzusunu dile getirdi.<\/p>\n<p style=\"text-align: justify;\">Fajon, Almanya&#8217;daki M\u00fcnih G\u00fcvenlik Konferans\u0131 vesilesiyle bug\u00fcn El Cezire&#8217;ye yapt\u0131\u011f\u0131 a\u00e7\u0131klamada \u015funlar\u0131 s\u00f6yledi: \u201cSuriye ziyaretim s\u0131ras\u0131nda Cumhurba\u015fkan\u0131 Ahmed El \u015eara ve h\u00fck\u00fcmet \u00fcyeleriyle g\u00f6r\u00fc\u015ft\u00fcm ve siyasi bir d\u00f6n\u00fc\u015f\u00fcm olmas\u0131n\u0131 ve gelecek h\u00fck\u00fcmetin t\u00fcm az\u0131nl\u0131klar\u0131 ve kad\u0131nlar\u0131 iyi temsil etmesini umuyoruz.\u201d<\/p>\n<p style=\"text-align: justify;\">Slovenyal\u0131 bakan ayr\u0131ca, Suriye halk\u0131na insani yard\u0131m sa\u011flanmas\u0131nda uluslararas\u0131 toplumun daha fazla rol almas\u0131 gerekti\u011fini ve rejimin devrilmesinden sonra Suriye&#8217;ye uygulanan yapt\u0131r\u0131mlar\u0131n kald\u0131r\u0131lmas\u0131 i\u00e7in \u00e7al\u0131\u015f\u0131lmas\u0131 gerekti\u011fini s\u00f6yledi.<\/p>\n","protected":false},"excerpt":{"rendered":"<p>BERL\u0130N (SANA) &#8211;\u00a0 Slovenya D\u0131\u015fi\u015fleri Bakan\u0131 Tanja Fajon, Suriye&#8217;ye y\u00f6nelik yapt\u0131r\u0131mlar\u0131n kald\u0131r\u0131lmas\u0131n\u0131n acil oldu\u011funu vurgulayarak, \u00fclkesinin Suriye halk\u0131n\u0131n t\u00fcm kesimlerini temsil eden bir h\u00fck\u00fcmet kurma arzusunu dile getirdi. Fajon, Almanya&#8217;daki M\u00fcnih G\u00fcvenlik Konferans\u0131 vesilesiyle bug\u00fcn El Cezire&#8217;ye yapt\u0131\u011f\u0131 a\u00e7\u0131klamada \u015funlar\u0131 s\u00f6yledi: \u201cSuriye ziyaretim s\u0131ras\u0131nda Cumhurba\u015fkan\u0131 Ahmed El \u015eara ve h\u00fck\u00fcmet \u00fcyeleriyle g\u00f6r\u00fc\u015ft\u00fcm ve siyasi bir &hellip;<\/p>\n","protected":false},"author":41,"featured_media":315524,"comment_status":"closed","ping_status":"closed","sticky":false,"template":"","format":"standard","meta":{"footnotes":""},"categories":[458,589,459,17988],"tags":[43386],"class_list":["post-315523","post","type-post","status-publish","format-standard","has-post-thumbnail","","category-dunya1","category-haber-seridi","category-haberler-arap-uluslararasi-politika","category-son-haberler","tag-slovenya-disisleri-bakani-suriyeye-yonelik-yaptirimlarin-kaldirilmasi-acildir"],"_links":{"self":[{"href":"https:\/\/archive.sana.sy\/tr\/index.php?rest_route=\/wp\/v2\/posts\/315523","targetHints":{"allow":["GET"]}}],"collection":[{"href":"https:\/\/archive.sana.sy\/tr\/index.php?rest_route=\/wp\/v2\/posts"}],"about":[{"href":"https:\/\/archive.sana.sy\/tr\/index.php?rest_route=\/wp\/v2\/types\/post"}],"author":[{"embeddable":true,"href":"https:\/\/archive.sana.sy\/tr\/index.php?rest_route=\/wp\/v2\/users\/41"}],"replies":[{"embeddable":true,"href":"https:\/\/archive.sana.sy\/tr\/index.php?rest_route=%2Fwp%2Fv2%2Fcomments&post=315523"}],"version-history":[{"count":1,"href":"https:\/\/archive.sana.sy\/tr\/index.php?rest_route=\/wp\/v2\/posts\/315523\/revisions"}],"predecessor-version":[{"id":315525,"href":"https:\/\/archive.sana.sy\/tr\/index.php?rest_route=\/wp\/v2\/posts\/315523\/revisions\/315525"}],"wp:featuredmedia":[{"embeddable":true,"href":"https:\/\/archive.sana.sy\/tr\/index.php?rest_route=\/wp\/v2\/media\/315524"}],"wp:attachment":[{"href":"https:\/\/archive.sana.sy\/tr\/index.php?rest_route=%2Fwp%2Fv2%2Fmedia&parent=315523"}],"wp:term":[{"taxonomy":"category","embeddable":true,"href":"https:\/\/archive.sana.sy\/tr\/index.php?rest_route=%2Fwp%2Fv2%2Fcategories&post=315523"},{"taxonomy":"post_tag","embeddable":true,"href":"https:\/\/archive.sana.sy\/tr\/index.php?rest_route=%2Fwp%2Fv2%2Ftags&post=315523"}],"curies":[{"name":"wp","href":"https:\/\/api.w.org\/{rel}","templated":true}]}}