{"id":315527,"date":"2025-02-16T08:02:56","date_gmt":"2025-02-16T05:02:56","guid":{"rendered":"https:\/\/sana.sy\/tr\/?p=315527"},"modified":"2025-02-17T08:18:59","modified_gmt":"2025-02-17T05:18:59","slug":"cumhurbaskani-el-sara-halepte-duzenlenen-acik-diyalog-oturumuna-katildi","status":"publish","type":"post","link":"https:\/\/archive.sana.sy\/tr\/?p=315527","title":{"rendered":"Cumhurba\u015fkan\u0131 El \u015eara, Halep&#8217;te D\u00fczenlenen A\u00e7\u0131k Diyalog Oturumuna Kat\u0131ld\u0131"},"content":{"rendered":"<p style=\"text-align: justify;\"><strong>HALEP <\/strong><strong>(SANA)<\/strong> \u2013 Suriye Arap Cumhuriyeti Cumhurba\u015fkan\u0131 Say\u0131n Ahmed El \u015eara Halep Valisi Azzam El Garib ve \u00e7ok say\u0131da yetkilinin kat\u0131l\u0131m\u0131yla, Halep&#8217;te \u00e7ok say\u0131da ileri gelen erkek ve kad\u0131n\u0131n bir araya geldi\u011fi a\u00e7\u0131k diyalog oturumuna kat\u0131ld\u0131.<\/p>\n<p style=\"text-align: justify;\">Oturumda, \u00fclke ger\u00e7ekleri ve Suriye ile Halep&#8217;in \u00e7e\u015fitli d\u00fczeylerde ilerletilmesinin yollar\u0131 ele al\u0131nd\u0131.<\/p>\n<div id='gallery-1' class='gallery galleryid-315527 gallery-columns-1 gallery-size-full'><figure class='gallery-item'>\n\t\t\t<div class='gallery-icon landscape'>\n\t\t\t\t<a href='https:\/\/archive.sana.sy\/tr\/wp-content\/uploads\/2025\/02\/2-26.jpg'><img loading=\"lazy\" decoding=\"async\" width=\"660\" height=\"440\" src=\"https:\/\/archive.sana.sy\/tr\/wp-content\/uploads\/2025\/02\/2-26.jpg\" class=\"attachment-full size-full\" alt=\"\" srcset=\"https:\/\/archive.sana.sy\/tr\/wp-content\/uploads\/2025\/02\/2-26.jpg 660w, https:\/\/archive.sana.sy\/tr\/wp-content\/uploads\/2025\/02\/2-26-300x200.jpg 300w\" sizes=\"auto, (max-width: 660px) 100vw, 660px\" \/><\/a>\n\t\t\t<\/div><\/figure><figure class='gallery-item'>\n\t\t\t<div class='gallery-icon landscape'>\n\t\t\t\t<a href='https:\/\/archive.sana.sy\/tr\/wp-content\/uploads\/2025\/02\/3-21.jpg'><img loading=\"lazy\" decoding=\"async\" width=\"660\" height=\"440\" src=\"https:\/\/archive.sana.sy\/tr\/wp-content\/uploads\/2025\/02\/3-21.jpg\" class=\"attachment-full size-full\" alt=\"\" srcset=\"https:\/\/archive.sana.sy\/tr\/wp-content\/uploads\/2025\/02\/3-21.jpg 660w, https:\/\/archive.sana.sy\/tr\/wp-content\/uploads\/2025\/02\/3-21-300x200.jpg 300w\" sizes=\"auto, (max-width: 660px) 100vw, 660px\" \/><\/a>\n\t\t\t<\/div><\/figure><figure class='gallery-item'>\n\t\t\t<div class='gallery-icon landscape'>\n\t\t\t\t<a href='https:\/\/archive.sana.sy\/tr\/wp-content\/uploads\/2025\/02\/photo_2025-02-15_18-45-42.jpg'><img loading=\"lazy\" decoding=\"async\" width=\"660\" height=\"440\" src=\"https:\/\/archive.sana.sy\/tr\/wp-content\/uploads\/2025\/02\/photo_2025-02-15_18-45-42.jpg\" class=\"attachment-full size-full\" alt=\"\" srcset=\"https:\/\/archive.sana.sy\/tr\/wp-content\/uploads\/2025\/02\/photo_2025-02-15_18-45-42.jpg 660w, https:\/\/archive.sana.sy\/tr\/wp-content\/uploads\/2025\/02\/photo_2025-02-15_18-45-42-300x200.jpg 300w\" sizes=\"auto, (max-width: 660px) 100vw, 660px\" \/><\/a>\n\t\t\t<\/div><\/figure>\n\t\t<\/div>\n\n","protected":false},"excerpt":{"rendered":"<p>HALEP (SANA) \u2013 Suriye Arap Cumhuriyeti Cumhurba\u015fkan\u0131 Say\u0131n Ahmed El \u015eara Halep Valisi Azzam El Garib ve \u00e7ok say\u0131da yetkilinin kat\u0131l\u0131m\u0131yla, Halep&#8217;te \u00e7ok say\u0131da ileri gelen erkek ve kad\u0131n\u0131n bir araya geldi\u011fi a\u00e7\u0131k diyalog oturumuna kat\u0131ld\u0131. Oturumda, \u00fclke ger\u00e7ekleri ve Suriye ile Halep&#8217;in \u00e7e\u015fitli d\u00fczeylerde ilerletilmesinin yollar\u0131 ele al\u0131nd\u0131.<\/p>\n","protected":false},"author":39,"featured_media":315528,"comment_status":"closed","ping_status":"closed","sticky":false,"template":"","format":"standard","meta":{"footnotes":""},"categories":[606,479,605,17988,478],"tags":[],"class_list":["post-315527","post","type-post","status-publish","format-standard","has-post-thumbnail","","category-cumhurbaskani","category-haberler-yerel","category-sayin-cumhurbaskani","category-son-haberler","category-yerel"],"_links":{"self":[{"href":"https:\/\/archive.sana.sy\/tr\/index.php?rest_route=\/wp\/v2\/posts\/315527","targetHints":{"allow":["GET"]}}],"collection":[{"href":"https:\/\/archive.sana.sy\/tr\/index.php?rest_route=\/wp\/v2\/posts"}],"about":[{"href":"https:\/\/archive.sana.sy\/tr\/index.php?rest_route=\/wp\/v2\/types\/post"}],"author":[{"embeddable":true,"href":"https:\/\/archive.sana.sy\/tr\/index.php?rest_route=\/wp\/v2\/users\/39"}],"replies":[{"embeddable":true,"href":"https:\/\/archive.sana.sy\/tr\/index.php?rest_route=%2Fwp%2Fv2%2Fcomments&post=315527"}],"version-history":[{"count":1,"href":"https:\/\/archive.sana.sy\/tr\/index.php?rest_route=\/wp\/v2\/posts\/315527\/revisions"}],"predecessor-version":[{"id":315532,"href":"https:\/\/archive.sana.sy\/tr\/index.php?rest_route=\/wp\/v2\/posts\/315527\/revisions\/315532"}],"wp:featuredmedia":[{"embeddable":true,"href":"https:\/\/archive.sana.sy\/tr\/index.php?rest_route=\/wp\/v2\/media\/315528"}],"wp:attachment":[{"href":"https:\/\/archive.sana.sy\/tr\/index.php?rest_route=%2Fwp%2Fv2%2Fmedia&parent=315527"}],"wp:term":[{"taxonomy":"category","embeddable":true,"href":"https:\/\/archive.sana.sy\/tr\/index.php?rest_route=%2Fwp%2Fv2%2Fcategories&post=315527"},{"taxonomy":"post_tag","embeddable":true,"href":"https:\/\/archive.sana.sy\/tr\/index.php?rest_route=%2Fwp%2Fv2%2Ftags&post=315527"}],"curies":[{"name":"wp","href":"https:\/\/api.w.org\/{rel}","templated":true}]}}