{"id":315534,"date":"2025-02-16T08:12:50","date_gmt":"2025-02-16T05:12:50","guid":{"rendered":"https:\/\/sana.sy\/tr\/?p=315534"},"modified":"2025-02-17T13:23:23","modified_gmt":"2025-02-17T10:23:23","slug":"bakan-el-seybani-munih-guvenlik-konferansi-kapsamindaki-bir-diyalog-oturumunda-suriyeye-uygulanan-yaptirimlar-onu-felc-ediyor-ve-kaldirilmali","status":"publish","type":"post","link":"https:\/\/archive.sana.sy\/tr\/?p=315534","title":{"rendered":"Bakan El \u015eeybani, M\u00fcnih G\u00fcvenlik Konferans\u0131 Kapsam\u0131ndaki Bir Diyalog Oturumunda: Suriye&#8217;ye Uygulanan Yapt\u0131r\u0131mlar Onu Fel\u00e7 Ediyor Ve Kald\u0131r\u0131lmal\u0131"},"content":{"rendered":"<p style=\"text-align: justify;\"><strong>M\u00dcN\u0130H (SANA)<\/strong> &#8211; D\u0131\u015fi\u015fleri ve Gurbet\u00e7iler Bakan\u0131 Asaad El \u015eeybani, Suriye&#8217;ye uygulanan ekonomik yapt\u0131r\u0131mlar\u0131n halk\u0131n elini kolunu ba\u011flad\u0131\u011f\u0131n\u0131 belirterek, ekonomik canlanman\u0131n sa\u011flanmas\u0131 i\u00e7in bu yapt\u0131r\u0131mlar\u0131n kald\u0131r\u0131lmas\u0131 gerekti\u011fini s\u00f6yledi.<\/p>\n<p style=\"text-align: justify;\">El \u015eeybani, bug\u00fcn Almanya&#8217;da d\u00fczenlenen M\u00fcnih G\u00fcvenlik Konferans\u0131 kapsam\u0131nda D\u0131\u015fi\u015fleri Bakan\u0131 Hakan Fidan&#8217;\u0131n da kat\u0131l\u0131m\u0131yla d\u00fczenlenen diyalog oturumunda \u015funlar\u0131 s\u00f6yledi: &#8220;Devrik rejime ekonomik yapt\u0131r\u0131mlar uyguland\u0131 ve bunlar\u0131n d\u00fc\u015f\u00fc\u015f\u00fcyle \u200b\u200bbirlikte kald\u0131r\u0131lmas\u0131 gerekiyordu. Amerika Birle\u015fik Devletleri ve Avrupa&#8217;dan istisnalar oldu\u011fu do\u011fru, ancak bunlar yeterli de\u011fil. Suriye halk\u0131n\u0131n \u00f6n\u00fcn\u00fcn a\u00e7\u0131lmas\u0131 i\u00e7in t\u00fcm yapt\u0131r\u0131mlar\u0131n kald\u0131r\u0131lmas\u0131 gerekiyor ve bu, onlar\u0131n istikrar\u0131n\u0131n garantisi olacak.\u201d<\/p>\n<p style=\"text-align: justify;\"><img loading=\"lazy\" decoding=\"async\" class=\"size-medium wp-image-315535 alignright\" src=\"http:\/\/sana.sy\/tr\/wp-content\/uploads\/2025\/02\/photo_2025-02-15_21-50-19-300x162.jpg\" alt=\"\" width=\"300\" height=\"162\" srcset=\"https:\/\/archive.sana.sy\/tr\/wp-content\/uploads\/2025\/02\/photo_2025-02-15_21-50-19-300x162.jpg 300w, https:\/\/archive.sana.sy\/tr\/wp-content\/uploads\/2025\/02\/photo_2025-02-15_21-50-19.jpg 553w\" sizes=\"auto, (max-width: 300px) 100vw, 300px\" \/>El \u015eeybani ay\u0131rca, yapt\u0131r\u0131mlara bir \u00e7\u00f6z\u00fcm bulunmamas\u0131 ve Suriye&#8217;nin Merkez Bankas\u0131&#8217;n\u0131 uluslararas\u0131 SWIFT finans sistemiyle ba\u011flayamamas\u0131 halinde, bunun hem yeniden yap\u0131lanma s\u00fcrecini sekteye u\u011frataca\u011f\u0131n\u0131 hem de Suriyelilerin normal hayatlar\u0131na d\u00f6nmelerini sa\u011flayaca\u011f\u0131n\u0131 belirtirken \u015funlar\u0131 kaydetti: &#8221; Kamplarda iki milyon ki\u015fi var. Dolay\u0131s\u0131yla Suriye&#8217;nin kendi halk\u0131na i\u00e7eride daha iyi bir ya\u015fam sunabilmesi veya yurtd\u0131\u015f\u0131ndaki m\u00fcltecilerin \u00fclkelerine d\u00f6nmelerini sa\u011flayabilmesi i\u00e7in yapt\u0131r\u0131mlar\u0131n kald\u0131r\u0131lmas\u0131 gerekiyor.&#8221;<\/p>\n<p style=\"text-align: justify;\">Yeni Suriye y\u00f6netiminin devrik rejimden y\u0131k\u0131lm\u0131\u015f bir ekonomi devrald\u0131\u011f\u0131n\u0131, ortalama vatanda\u015f\u0131n gelirinin \u00e7ok d\u00fc\u015f\u00fck oldu\u011funu ancak bu ger\u00e7ek kar\u015f\u0131s\u0131nda teslim olunmad\u0131\u011f\u0131n\u0131 belirten El \u015eeybani,\u00a0 &#8221;Suriye liras\u0131n\u0131n istikrara kavu\u015fturulmas\u0131, devrik rejimin politikalar\u0131yla t\u00fcketilen ekonominin d\u00fczeltilmesi amac\u0131yla Maliye Bakanl\u0131\u011f\u0131 ve di\u011fer bakanl\u0131klarda reform yap\u0131lmas\u0131 y\u00f6n\u00fcnde \u00e7al\u0131\u015fmalar y\u00fcr\u00fct\u00fclecek&#8221; ifadelerini kulland\u0131.<\/p>\n<p style=\"text-align: justify;\">D\u0131\u015fi\u015fleri Bakan\u0131, Suriye&#8217;deki \u00e7e\u015fitlili\u011fin g\u00fcc\u00fcn\u00fc destekledi\u011fini vurgulayarak, Suriyelilerin kendilerini temsil etme konusunda g\u00f6sterdikleri fark\u0131ndal\u0131\u011f\u0131n d\u00fcnyay\u0131 \u015fa\u015f\u0131rtaca\u011f\u0131n\u0131 ifade etti.<\/p>\n<p style=\"text-align: justify;\">Bakan El \u015eeyban konu\u015fmas\u0131nda da \u015fu ifadelere yer verdi: &#8221;Gelecek h\u00fck\u00fcmet liyakat esas\u0131na g\u00f6re kurulacak, mezhep kotas\u0131na g\u00f6re kurulmayacak. Atamalarda liyakat ve ulusal \u00e7\u0131kar \u00f6l\u00e7\u00fct al\u0131nacak, iktidar Suriye halk\u0131n\u0131n elinde olacak, bir ki\u015finin elinde olmayacak.&#8221;<\/p>\n<p style=\"text-align: justify;\"><img loading=\"lazy\" decoding=\"async\" class=\"size-medium wp-image-315536 alignright\" src=\"http:\/\/sana.sy\/tr\/wp-content\/uploads\/2025\/02\/photo_2025-02-15_21-50-21-300x188.jpg\" alt=\"\" width=\"300\" height=\"188\" srcset=\"https:\/\/archive.sana.sy\/tr\/wp-content\/uploads\/2025\/02\/photo_2025-02-15_21-50-21-300x188.jpg 300w, https:\/\/archive.sana.sy\/tr\/wp-content\/uploads\/2025\/02\/photo_2025-02-15_21-50-21.jpg 469w\" sizes=\"auto, (max-width: 300px) 100vw, 300px\" \/>Suriye halk\u0131n\u0131n ulusal \u00e7\u0131karlar\u0131n\u0131 ger\u00e7ekle\u015ftirme konusunda kararl\u0131 oldu\u011funu ve ba\u015far\u0131lar\u0131n\u0131 ortaya koymalar\u0131 i\u00e7in f\u0131rsat verilmesi gerekti\u011fini belirten El \u015eeybani, uluslararas\u0131 m\u00fcdahale olmadan Suriyelilerin elinden zafer elde etmenin en b\u00fcy\u00fck ba\u015far\u0131 oldu\u011funu vurgulad\u0131.<\/p>\n<p style=\"text-align: justify;\">&#8220;\u0130srail&#8221;in b\u00f6lgeyi istikrars\u0131zla\u015ft\u0131rd\u0131\u011f\u0131n\u0131 belirten El \u015eeybani, 1974 tarihli \u00e7ekilme anla\u015fmas\u0131na uyulmas\u0131 gerekti\u011fini belirterek, i\u015fgal alt\u0131ndaki Golan&#8217;\u0131n Suriye topra\u011f\u0131 oldu\u011funu ve kimsenin bunu kimseye verme hakk\u0131 olmad\u0131\u011f\u0131n\u0131 vurgulad\u0131 ve Suriye&#8217;nin yeni Amerikan y\u00f6netimiyle iyi ili\u015fkiler kurma arzusunu dile getirdi.<\/p>\n<p style=\"text-align: justify;\">El \u015eeybani bu konuda ayr\u0131ca, \u00a0iki \u00fclkenin, Suriye&#8217;nin g\u00fcvenli\u011fi ve istikrar\u0131 ile ABD ve t\u00fcm d\u00fcnyan\u0131n \u00e7\u0131karlar\u0131 do\u011frultusunda \u00fczerinde mutabakata var\u0131labilecek bir\u00e7ok konuda ortak \u00e7\u0131karlara sahip oldu\u011funu kaydetti.<\/p>\n<p style=\"text-align: justify;\">D\u0131\u015fi\u015fleri Bakan\u0131 Hakan Fidan ise \u015funlar\u0131 s\u00f6yledi: \u201cYeni Suriye y\u00f6netimi istikrar sorunuyla ba\u015fa \u00e7\u0131kma ve askeri gruplar\u0131 birle\u015ftirme konusunda do\u011fru ad\u0131mlar att\u0131 ve 10 y\u0131ldan fazla s\u00fcren istikrars\u0131zl\u0131ktan sonra Suriye&#8217;deki sorunlar\u0131 \u00e7\u00f6zmek i\u00e7in ilk kez ger\u00e7ek bir f\u0131rsata sahibiz.\u201d<\/p>\n<p style=\"text-align: justify;\">Fidan ayr\u0131ca, T\u00fcrkiye&#8217;nin Suriye&#8217;nin birli\u011fi, egemenli\u011fi ve toprak b\u00fct\u00fcnl\u00fc\u011f\u00fcne destek verdi\u011fini vurgulad\u0131 ve \u00fclkesinin Suriye&#8217;nin yeniden in\u015fas\u0131na yard\u0131mc\u0131 olmak, ekonomiyi desteklemek ve kurumlar in\u015fa etmek i\u00e7in \u00e7al\u0131\u015ft\u0131\u011f\u0131n\u0131 s\u00f6yleyen Trump, \u00f6zellikle Suriye&#8217;ye y\u00f6nelik yapt\u0131r\u0131mlar\u0131n kald\u0131r\u0131lmas\u0131 konusunda ABD Ba\u015fkan\u0131 Donald Trump y\u00f6netimiyle g\u00f6r\u00fc\u015fmelere ba\u015flad\u0131\u011f\u0131n\u0131 kaydetti.<\/p>\n<p style=\"text-align: justify;\">Kendi y\u00f6n\u00fcnden BM&#8217;nin Suriye temsilcisi Geir Pedersen Suriye&#8217;de 18 milyon insan\u0131n yard\u0131ma ihtiya\u00e7 duydu\u011funu belirterek, ekonomik yapt\u0131r\u0131mlar kald\u0131r\u0131lmad\u0131\u011f\u0131 s\u00fcrece Suriye ekonomisinin reform edilemeyece\u011fini vurgulad\u0131.<\/p>\n<p style=\"text-align: justify;\">Pedersen ay\u0131r\u0131ca, Suriye&#8217;deki yeni y\u00f6netimin g\u00f6nderdi\u011fi mesajlar\u0131n iyi oldu\u011funu belirterek, Suriye&#8217;de iki \u00f6nceli\u011fin herkesi temsil etmek ve g\u00fcvenli\u011fi sa\u011flamak oldu\u011funu, Mart ay\u0131n\u0131n ba\u015f\u0131na yakla\u015ft\u0131\u011f\u0131m\u0131z\u0131, ard\u0131ndan d\u00fcnyan\u0131n \u00f6nemli kararlar duyaca\u011f\u0131n\u0131, Suriye&#8217;de ger\u00e7ek anlamda kapsaml\u0131 bir y\u00f6netim g\u00f6rmemiz gerekti\u011fini s\u00f6yledi.<\/p>\n<div id='gallery-1' class='gallery galleryid-315534 gallery-columns-2 gallery-size-full'><figure class='gallery-item'>\n\t\t\t<div class='gallery-icon landscape'>\n\t\t\t\t<a href='https:\/\/archive.sana.sy\/tr\/wp-content\/uploads\/2025\/02\/photo_2025-02-16_02-46-41.jpg'><img loading=\"lazy\" decoding=\"async\" width=\"1280\" height=\"720\" src=\"https:\/\/archive.sana.sy\/tr\/wp-content\/uploads\/2025\/02\/photo_2025-02-16_02-46-41.jpg\" class=\"attachment-full size-full\" alt=\"\" srcset=\"https:\/\/archive.sana.sy\/tr\/wp-content\/uploads\/2025\/02\/photo_2025-02-16_02-46-41.jpg 1280w, https:\/\/archive.sana.sy\/tr\/wp-content\/uploads\/2025\/02\/photo_2025-02-16_02-46-41-300x169.jpg 300w, https:\/\/archive.sana.sy\/tr\/wp-content\/uploads\/2025\/02\/photo_2025-02-16_02-46-41-1024x576.jpg 1024w, https:\/\/archive.sana.sy\/tr\/wp-content\/uploads\/2025\/02\/photo_2025-02-16_02-46-41-768x432.jpg 768w\" sizes=\"auto, (max-width: 1280px) 100vw, 1280px\" \/><\/a>\n\t\t\t<\/div><\/figure><figure class='gallery-item'>\n\t\t\t<div class='gallery-icon landscape'>\n\t\t\t\t<a href='https:\/\/archive.sana.sy\/tr\/wp-content\/uploads\/2025\/02\/photo_2025-02-16_02-46-44.jpg'><img loading=\"lazy\" decoding=\"async\" width=\"1280\" height=\"720\" src=\"https:\/\/archive.sana.sy\/tr\/wp-content\/uploads\/2025\/02\/photo_2025-02-16_02-46-44.jpg\" class=\"attachment-full size-full\" alt=\"\" srcset=\"https:\/\/archive.sana.sy\/tr\/wp-content\/uploads\/2025\/02\/photo_2025-02-16_02-46-44.jpg 1280w, https:\/\/archive.sana.sy\/tr\/wp-content\/uploads\/2025\/02\/photo_2025-02-16_02-46-44-300x169.jpg 300w, https:\/\/archive.sana.sy\/tr\/wp-content\/uploads\/2025\/02\/photo_2025-02-16_02-46-44-1024x576.jpg 1024w, https:\/\/archive.sana.sy\/tr\/wp-content\/uploads\/2025\/02\/photo_2025-02-16_02-46-44-768x432.jpg 768w\" sizes=\"auto, (max-width: 1280px) 100vw, 1280px\" \/><\/a>\n\t\t\t<\/div><\/figure><figure class='gallery-item'>\n\t\t\t<div class='gallery-icon landscape'>\n\t\t\t\t<a href='https:\/\/archive.sana.sy\/tr\/wp-content\/uploads\/2025\/02\/photo_2025-02-16_02-48-28.jpg'><img loading=\"lazy\" decoding=\"async\" width=\"1280\" height=\"720\" src=\"https:\/\/archive.sana.sy\/tr\/wp-content\/uploads\/2025\/02\/photo_2025-02-16_02-48-28.jpg\" class=\"attachment-full size-full\" alt=\"\" srcset=\"https:\/\/archive.sana.sy\/tr\/wp-content\/uploads\/2025\/02\/photo_2025-02-16_02-48-28.jpg 1280w, https:\/\/archive.sana.sy\/tr\/wp-content\/uploads\/2025\/02\/photo_2025-02-16_02-48-28-300x169.jpg 300w, https:\/\/archive.sana.sy\/tr\/wp-content\/uploads\/2025\/02\/photo_2025-02-16_02-48-28-1024x576.jpg 1024w, https:\/\/archive.sana.sy\/tr\/wp-content\/uploads\/2025\/02\/photo_2025-02-16_02-48-28-768x432.jpg 768w\" sizes=\"auto, (max-width: 1280px) 100vw, 1280px\" \/><\/a>\n\t\t\t<\/div><\/figure><figure class='gallery-item'>\n\t\t\t<div class='gallery-icon landscape'>\n\t\t\t\t<a href='https:\/\/archive.sana.sy\/tr\/wp-content\/uploads\/2025\/02\/photo_2025-02-16_02-48-28-2-1.jpg'><img loading=\"lazy\" decoding=\"async\" width=\"1280\" height=\"720\" src=\"https:\/\/archive.sana.sy\/tr\/wp-content\/uploads\/2025\/02\/photo_2025-02-16_02-48-28-2-1.jpg\" class=\"attachment-full size-full\" alt=\"\" srcset=\"https:\/\/archive.sana.sy\/tr\/wp-content\/uploads\/2025\/02\/photo_2025-02-16_02-48-28-2-1.jpg 1280w, https:\/\/archive.sana.sy\/tr\/wp-content\/uploads\/2025\/02\/photo_2025-02-16_02-48-28-2-1-300x169.jpg 300w, https:\/\/archive.sana.sy\/tr\/wp-content\/uploads\/2025\/02\/photo_2025-02-16_02-48-28-2-1-1024x576.jpg 1024w, https:\/\/archive.sana.sy\/tr\/wp-content\/uploads\/2025\/02\/photo_2025-02-16_02-48-28-2-1-768x432.jpg 768w\" sizes=\"auto, (max-width: 1280px) 100vw, 1280px\" \/><\/a>\n\t\t\t<\/div><\/figure>\n\t\t<\/div>\n\n","protected":false},"excerpt":{"rendered":"<p>M\u00dcN\u0130H (SANA) &#8211; D\u0131\u015fi\u015fleri ve Gurbet\u00e7iler Bakan\u0131 Asaad El \u015eeybani, Suriye&#8217;ye uygulanan ekonomik yapt\u0131r\u0131mlar\u0131n halk\u0131n elini kolunu ba\u011flad\u0131\u011f\u0131n\u0131 belirterek, ekonomik canlanman\u0131n sa\u011flanmas\u0131 i\u00e7in bu yapt\u0131r\u0131mlar\u0131n kald\u0131r\u0131lmas\u0131 gerekti\u011fini s\u00f6yledi. El \u015eeybani, bug\u00fcn Almanya&#8217;da d\u00fczenlenen M\u00fcnih G\u00fcvenlik Konferans\u0131 kapsam\u0131nda D\u0131\u015fi\u015fleri Bakan\u0131 Hakan Fidan&#8217;\u0131n da kat\u0131l\u0131m\u0131yla d\u00fczenlenen diyalog oturumunda \u015funlar\u0131 s\u00f6yledi: &#8220;Devrik rejime ekonomik yapt\u0131r\u0131mlar uyguland\u0131 ve bunlar\u0131n &hellip;<\/p>\n","protected":false},"author":41,"featured_media":315537,"comment_status":"closed","ping_status":"closed","sticky":false,"template":"","format":"standard","meta":{"footnotes":""},"categories":[458,459,17988],"tags":[],"class_list":["post-315534","post","type-post","status-publish","format-standard","has-post-thumbnail","","category-dunya1","category-haberler-arap-uluslararasi-politika","category-son-haberler"],"_links":{"self":[{"href":"https:\/\/archive.sana.sy\/tr\/index.php?rest_route=\/wp\/v2\/posts\/315534","targetHints":{"allow":["GET"]}}],"collection":[{"href":"https:\/\/archive.sana.sy\/tr\/index.php?rest_route=\/wp\/v2\/posts"}],"about":[{"href":"https:\/\/archive.sana.sy\/tr\/index.php?rest_route=\/wp\/v2\/types\/post"}],"author":[{"embeddable":true,"href":"https:\/\/archive.sana.sy\/tr\/index.php?rest_route=\/wp\/v2\/users\/41"}],"replies":[{"embeddable":true,"href":"https:\/\/archive.sana.sy\/tr\/index.php?rest_route=%2Fwp%2Fv2%2Fcomments&post=315534"}],"version-history":[{"count":2,"href":"https:\/\/archive.sana.sy\/tr\/index.php?rest_route=\/wp\/v2\/posts\/315534\/revisions"}],"predecessor-version":[{"id":315573,"href":"https:\/\/archive.sana.sy\/tr\/index.php?rest_route=\/wp\/v2\/posts\/315534\/revisions\/315573"}],"wp:featuredmedia":[{"embeddable":true,"href":"https:\/\/archive.sana.sy\/tr\/index.php?rest_route=\/wp\/v2\/media\/315537"}],"wp:attachment":[{"href":"https:\/\/archive.sana.sy\/tr\/index.php?rest_route=%2Fwp%2Fv2%2Fmedia&parent=315534"}],"wp:term":[{"taxonomy":"category","embeddable":true,"href":"https:\/\/archive.sana.sy\/tr\/index.php?rest_route=%2Fwp%2Fv2%2Fcategories&post=315534"},{"taxonomy":"post_tag","embeddable":true,"href":"https:\/\/archive.sana.sy\/tr\/index.php?rest_route=%2Fwp%2Fv2%2Ftags&post=315534"}],"curies":[{"name":"wp","href":"https:\/\/api.w.org\/{rel}","templated":true}]}}