{"id":315539,"date":"2025-02-16T09:17:20","date_gmt":"2025-02-16T06:17:20","guid":{"rendered":"https:\/\/sana.sy\/tr\/?p=315539"},"modified":"2025-02-16T09:18:30","modified_gmt":"2025-02-16T06:18:30","slug":"bayindirlik-bakani-birlesmis-milletler-insan-yerlesimleri-programi-heyetiyle-isbirligi-alanlarinin-genisletilmesi-konusunu-gorustu","status":"publish","type":"post","link":"https:\/\/archive.sana.sy\/tr\/?p=315539","title":{"rendered":"Bay\u0131nd\u0131rl\u0131k Bakan\u0131, Birle\u015fmi\u015f Milletler \u0130nsan Yerle\u015fimleri Program\u0131 Heyetiyle \u0130\u015fbirli\u011fi Alanlar\u0131n\u0131n Geni\u015fletilmesi Konusunu G\u00f6r\u00fc\u015ft\u00fc"},"content":{"rendered":"<p style=\"text-align: justify;\"><strong>\u015eAM (SANA) \u2013<\/strong> Bay\u0131nd\u0131rl\u0131k ve \u0130skan Bakan\u0131 M\u00fch. Mustafa Abd\u00fclrazzak, Birle\u015fmi\u015f Milletler \u0130nsan Yerle\u015fimleri Program\u0131ndan, Nairobi&#8217;deki Program \u0130cra Direkt\u00f6rl\u00fc\u011f\u00fc Ofisi Ba\u015f Sorumlusu Dr. \u0130rfan Ali ve Suriye Ofisi Program Direkt\u00f6r\u00fc Hiroshi Takabashi ba\u015fkanl\u0131\u011f\u0131ndaki bir heyeti kabul etti.<\/p>\n<p style=\"text-align: justify;\">Toplant\u0131da, \u00fczerinde mutabakata var\u0131lan i\u015fbirli\u011fi alanlar\u0131n\u0131n geni\u015fletilmesi, ana ve yan hedeflerin belirlenmesi ve bunlar\u0131n zaman i\u00e7inde \u00e7er\u00e7evelenmesi konular\u0131 konu\u015fuldu. Ulusal konut stratejisinin g\u00fcncellenmesi ve geli\u015ftirilmesi amac\u0131yla bir yeniden in\u015fa metodolojisinin geli\u015ftirilmesine haz\u0131rl\u0131k amac\u0131yla, geri kalan bakanl\u0131klarla koordineli olarak kurtarma planlar\u0131 da tart\u0131\u015f\u0131ld\u0131.<\/p>\n","protected":false},"excerpt":{"rendered":"<p>\u015eAM (SANA) \u2013 Bay\u0131nd\u0131rl\u0131k ve \u0130skan Bakan\u0131 M\u00fch. Mustafa Abd\u00fclrazzak, Birle\u015fmi\u015f Milletler \u0130nsan Yerle\u015fimleri Program\u0131ndan, Nairobi&#8217;deki Program \u0130cra Direkt\u00f6rl\u00fc\u011f\u00fc Ofisi Ba\u015f Sorumlusu Dr. \u0130rfan Ali ve Suriye Ofisi Program Direkt\u00f6r\u00fc Hiroshi Takabashi ba\u015fkanl\u0131\u011f\u0131ndaki bir heyeti kabul etti. Toplant\u0131da, \u00fczerinde mutabakata var\u0131lan i\u015fbirli\u011fi alanlar\u0131n\u0131n geni\u015fletilmesi, ana ve yan hedeflerin belirlenmesi ve bunlar\u0131n zaman i\u00e7inde \u00e7er\u00e7evelenmesi konular\u0131 &hellip;<\/p>\n","protected":false},"author":39,"featured_media":315540,"comment_status":"closed","ping_status":"closed","sticky":false,"template":"","format":"standard","meta":{"footnotes":""},"categories":[589,479,17988,478],"tags":[],"class_list":["post-315539","post","type-post","status-publish","format-standard","has-post-thumbnail","","category-haber-seridi","category-haberler-yerel","category-son-haberler","category-yerel"],"_links":{"self":[{"href":"https:\/\/archive.sana.sy\/tr\/index.php?rest_route=\/wp\/v2\/posts\/315539","targetHints":{"allow":["GET"]}}],"collection":[{"href":"https:\/\/archive.sana.sy\/tr\/index.php?rest_route=\/wp\/v2\/posts"}],"about":[{"href":"https:\/\/archive.sana.sy\/tr\/index.php?rest_route=\/wp\/v2\/types\/post"}],"author":[{"embeddable":true,"href":"https:\/\/archive.sana.sy\/tr\/index.php?rest_route=\/wp\/v2\/users\/39"}],"replies":[{"embeddable":true,"href":"https:\/\/archive.sana.sy\/tr\/index.php?rest_route=%2Fwp%2Fv2%2Fcomments&post=315539"}],"version-history":[{"count":2,"href":"https:\/\/archive.sana.sy\/tr\/index.php?rest_route=\/wp\/v2\/posts\/315539\/revisions"}],"predecessor-version":[{"id":315542,"href":"https:\/\/archive.sana.sy\/tr\/index.php?rest_route=\/wp\/v2\/posts\/315539\/revisions\/315542"}],"wp:featuredmedia":[{"embeddable":true,"href":"https:\/\/archive.sana.sy\/tr\/index.php?rest_route=\/wp\/v2\/media\/315540"}],"wp:attachment":[{"href":"https:\/\/archive.sana.sy\/tr\/index.php?rest_route=%2Fwp%2Fv2%2Fmedia&parent=315539"}],"wp:term":[{"taxonomy":"category","embeddable":true,"href":"https:\/\/archive.sana.sy\/tr\/index.php?rest_route=%2Fwp%2Fv2%2Fcategories&post=315539"},{"taxonomy":"post_tag","embeddable":true,"href":"https:\/\/archive.sana.sy\/tr\/index.php?rest_route=%2Fwp%2Fv2%2Ftags&post=315539"}],"curies":[{"name":"wp","href":"https:\/\/api.w.org\/{rel}","templated":true}]}}