{"id":315543,"date":"2025-02-16T09:37:45","date_gmt":"2025-02-16T06:37:45","guid":{"rendered":"https:\/\/sana.sy\/tr\/?p=315543"},"modified":"2025-02-16T15:13:28","modified_gmt":"2025-02-16T12:13:28","slug":"bakan-el-seybani-munih-guvenlik-konferansi-oturum-aralarinda-cesitli-toplantilar-gerceklestirdi","status":"publish","type":"post","link":"https:\/\/archive.sana.sy\/tr\/?p=315543","title":{"rendered":"Bakan El \u015eeybani, M\u00fcnih G\u00fcvenlik Konferans\u0131 Oturum Aralar\u0131nda \u00c7e\u015fitli Toplant\u0131lar Ger\u00e7ekle\u015ftirdi"},"content":{"rendered":"<p style=\"text-align: justify;\"><strong><span style=\"color: #800000;\">M\u00dcN\u0130H (SANA)<\/span> \u2013<\/strong> D\u0131\u015fi\u015fleri Bakan\u0131 Say\u0131n Asaad El \u015eeybani ba\u015fkanl\u0131\u011f\u0131ndaki Suriye D\u0131\u015fi\u015fleri Bakanl\u0131\u011f\u0131 heyeti, Almanya&#8217;da d\u00fczenlenen M\u00fcnih G\u00fcvenlik Konferans\u0131 oturum aralar\u0131nda D\u0131\u015fi\u015fleri Bakan\u0131 David Lammy ba\u015fkanl\u0131\u011f\u0131ndaki \u0130ngiltere D\u0131\u015fi\u015fleri Bakanl\u0131\u011f\u0131&#8217;ndan bir heyetle toplant\u0131 ger\u00e7ekle\u015ftirdi.<\/p>\n<p style=\"text-align: justify;\"><img loading=\"lazy\" decoding=\"async\" class=\"size-full wp-image-315551 alignright\" src=\"http:\/\/sana.sy\/tr\/wp-content\/uploads\/2025\/02\/syrian-ppople-300x169-1.jpg\" alt=\"\" width=\"300\" height=\"169\" \/>D\u0131\u015fi\u015fleri ve Gurbet\u00e7iler Bakan\u0131 ayr\u0131ca T\u00fcrk mevkida\u015flar\u0131 Say\u0131n Hakan Fidan, Alman Say\u0131n Annalena Baerbock ve Norve\u00e7li Say\u0131n Espen Barth Eide ile de g\u00f6r\u00fc\u015ft\u00fc.<\/p>\n<p style=\"text-align: justify;\">Bakan El \u015eeybani Irak K\u00fcrdistan B\u00f6lgesi Ba\u015fkan\u0131 Ne\u00e7irvan Barzani ve Lihten\u015ftayn Prensli\u011fi&#8217;nin Birle\u015fmi\u015f Milletler Daimi Temsilcisi B\u00fcy\u00fckel\u00e7i Wennaviser ile de bir araya geldi.<\/p>\n<p style=\"text-align: justify;\">Almanya&#8217;daki Suriye toplumundan bir heyetle g\u00f6r\u00fc\u015fen El \u015eeybani,\u00a0Senat\u00f6r Joe Wilson, Senat\u00f6r Seth Molton, Senat\u00f6r Michael McCaul, Senat\u00f6r Jeanne Shaheen ve Senat\u00f6r James Risch ile de g\u00f6r\u00fc\u015ft\u00fc.<\/p>\n<div id='gallery-1' class='gallery galleryid-315543 gallery-columns-1 gallery-size-full'><figure class='gallery-item'>\n\t\t\t<div class='gallery-icon landscape'>\n\t\t\t\t<a href='https:\/\/archive.sana.sy\/tr\/wp-content\/uploads\/2025\/02\/\u0647\u0627\u0643\u0627\u0646-\u0641\u064a\u062f\u0627\u0646.jpg'><img loading=\"lazy\" decoding=\"async\" width=\"660\" height=\"372\" src=\"https:\/\/archive.sana.sy\/tr\/wp-content\/uploads\/2025\/02\/\u0647\u0627\u0643\u0627\u0646-\u0641\u064a\u062f\u0627\u0646.jpg\" class=\"attachment-full size-full\" alt=\"\" srcset=\"https:\/\/archive.sana.sy\/tr\/wp-content\/uploads\/2025\/02\/\u0647\u0627\u0643\u0627\u0646-\u0641\u064a\u062f\u0627\u0646.jpg 660w, https:\/\/archive.sana.sy\/tr\/wp-content\/uploads\/2025\/02\/\u0647\u0627\u0643\u0627\u0646-\u0641\u064a\u062f\u0627\u0646-300x169.jpg 300w\" sizes=\"auto, (max-width: 660px) 100vw, 660px\" \/><\/a>\n\t\t\t<\/div><\/figure><figure class='gallery-item'>\n\t\t\t<div class='gallery-icon landscape'>\n\t\t\t\t<a href='https:\/\/archive.sana.sy\/tr\/wp-content\/uploads\/2025\/02\/senator-11.jpg'><img loading=\"lazy\" decoding=\"async\" width=\"750\" height=\"422\" src=\"https:\/\/archive.sana.sy\/tr\/wp-content\/uploads\/2025\/02\/senator-11.jpg\" class=\"attachment-full size-full\" alt=\"\" srcset=\"https:\/\/archive.sana.sy\/tr\/wp-content\/uploads\/2025\/02\/senator-11.jpg 750w, https:\/\/archive.sana.sy\/tr\/wp-content\/uploads\/2025\/02\/senator-11-300x169.jpg 300w\" sizes=\"auto, (max-width: 750px) 100vw, 750px\" \/><\/a>\n\t\t\t<\/div><\/figure><figure class='gallery-item'>\n\t\t\t<div class='gallery-icon landscape'>\n\t\t\t\t<a href='https:\/\/archive.sana.sy\/tr\/wp-content\/uploads\/2025\/02\/\u0631\u0631\u0631\u0631\u0631\u0631\u0631\u0631\u0631\u0631\u0631\u0631\u0631\u0631\u0631\u0631\u0631\u0631\u0631\u0631-1.jpg'><img loading=\"lazy\" decoding=\"async\" width=\"660\" height=\"370\" src=\"https:\/\/archive.sana.sy\/tr\/wp-content\/uploads\/2025\/02\/\u0631\u0631\u0631\u0631\u0631\u0631\u0631\u0631\u0631\u0631\u0631\u0631\u0631\u0631\u0631\u0631\u0631\u0631\u0631\u0631-1.jpg\" class=\"attachment-full size-full\" alt=\"\" srcset=\"https:\/\/archive.sana.sy\/tr\/wp-content\/uploads\/2025\/02\/\u0631\u0631\u0631\u0631\u0631\u0631\u0631\u0631\u0631\u0631\u0631\u0631\u0631\u0631\u0631\u0631\u0631\u0631\u0631\u0631-1.jpg 660w, https:\/\/archive.sana.sy\/tr\/wp-content\/uploads\/2025\/02\/\u0631\u0631\u0631\u0631\u0631\u0631\u0631\u0631\u0631\u0631\u0631\u0631\u0631\u0631\u0631\u0631\u0631\u0631\u0631\u0631-1-300x168.jpg 300w\" sizes=\"auto, (max-width: 660px) 100vw, 660px\" \/><\/a>\n\t\t\t<\/div><\/figure><figure class='gallery-item'>\n\t\t\t<div class='gallery-icon landscape'>\n\t\t\t\t<a href='https:\/\/archive.sana.sy\/tr\/wp-content\/uploads\/2025\/02\/\u0631\u0631\u0631\u0631\u0631\u0631-1-1.jpg'><img loading=\"lazy\" decoding=\"async\" width=\"660\" height=\"370\" src=\"https:\/\/archive.sana.sy\/tr\/wp-content\/uploads\/2025\/02\/\u0631\u0631\u0631\u0631\u0631\u0631-1-1.jpg\" class=\"attachment-full size-full\" alt=\"\" srcset=\"https:\/\/archive.sana.sy\/tr\/wp-content\/uploads\/2025\/02\/\u0631\u0631\u0631\u0631\u0631\u0631-1-1.jpg 660w, https:\/\/archive.sana.sy\/tr\/wp-content\/uploads\/2025\/02\/\u0631\u0631\u0631\u0631\u0631\u0631-1-1-300x168.jpg 300w\" sizes=\"auto, (max-width: 660px) 100vw, 660px\" \/><\/a>\n\t\t\t<\/div><\/figure><figure class='gallery-item'>\n\t\t\t<div class='gallery-icon landscape'>\n\t\t\t\t<a href='https:\/\/archive.sana.sy\/tr\/wp-content\/uploads\/2025\/02\/\u0648\u0632\u064a\u0631-\u062e\u0627\u0631\u062c\u064a\u0629-\u0623\u0644\u0645\u0627\u0646\u064a\u0627.jpg'><img loading=\"lazy\" decoding=\"async\" width=\"660\" height=\"371\" src=\"https:\/\/archive.sana.sy\/tr\/wp-content\/uploads\/2025\/02\/\u0648\u0632\u064a\u0631-\u062e\u0627\u0631\u062c\u064a\u0629-\u0623\u0644\u0645\u0627\u0646\u064a\u0627.jpg\" class=\"attachment-full size-full\" alt=\"\" srcset=\"https:\/\/archive.sana.sy\/tr\/wp-content\/uploads\/2025\/02\/\u0648\u0632\u064a\u0631-\u062e\u0627\u0631\u062c\u064a\u0629-\u0623\u0644\u0645\u0627\u0646\u064a\u0627.jpg 660w, https:\/\/archive.sana.sy\/tr\/wp-content\/uploads\/2025\/02\/\u0648\u0632\u064a\u0631-\u062e\u0627\u0631\u062c\u064a\u0629-\u0623\u0644\u0645\u0627\u0646\u064a\u0627-300x169.jpg 300w\" sizes=\"auto, (max-width: 660px) 100vw, 660px\" \/><\/a>\n\t\t\t<\/div><\/figure><figure class='gallery-item'>\n\t\t\t<div class='gallery-icon landscape'>\n\t\t\t\t<a href='https:\/\/archive.sana.sy\/tr\/wp-content\/uploads\/2025\/02\/senator12.jpg'><img loading=\"lazy\" decoding=\"async\" width=\"750\" height=\"422\" src=\"https:\/\/archive.sana.sy\/tr\/wp-content\/uploads\/2025\/02\/senator12.jpg\" class=\"attachment-full size-full\" alt=\"\" srcset=\"https:\/\/archive.sana.sy\/tr\/wp-content\/uploads\/2025\/02\/senator12.jpg 750w, https:\/\/archive.sana.sy\/tr\/wp-content\/uploads\/2025\/02\/senator12-300x169.jpg 300w\" sizes=\"auto, (max-width: 750px) 100vw, 750px\" \/><\/a>\n\t\t\t<\/div><\/figure><figure class='gallery-item'>\n\t\t\t<div class='gallery-icon landscape'>\n\t\t\t\t<a href='https:\/\/archive.sana.sy\/tr\/wp-content\/uploads\/2025\/02\/\u0627\u0644\u0633\u064a\u062f-\u0625\u0633\u0628\u0646-\u0628\u0627\u0631\u062b.jpg'><img loading=\"lazy\" decoding=\"async\" width=\"1280\" height=\"720\" src=\"https:\/\/archive.sana.sy\/tr\/wp-content\/uploads\/2025\/02\/\u0627\u0644\u0633\u064a\u062f-\u0625\u0633\u0628\u0646-\u0628\u0627\u0631\u062b.jpg\" class=\"attachment-full size-full\" alt=\"\" srcset=\"https:\/\/archive.sana.sy\/tr\/wp-content\/uploads\/2025\/02\/\u0627\u0644\u0633\u064a\u062f-\u0625\u0633\u0628\u0646-\u0628\u0627\u0631\u062b.jpg 1280w, https:\/\/archive.sana.sy\/tr\/wp-content\/uploads\/2025\/02\/\u0627\u0644\u0633\u064a\u062f-\u0625\u0633\u0628\u0646-\u0628\u0627\u0631\u062b-300x169.jpg 300w, https:\/\/archive.sana.sy\/tr\/wp-content\/uploads\/2025\/02\/\u0627\u0644\u0633\u064a\u062f-\u0625\u0633\u0628\u0646-\u0628\u0627\u0631\u062b-1024x576.jpg 1024w, https:\/\/archive.sana.sy\/tr\/wp-content\/uploads\/2025\/02\/\u0627\u0644\u0633\u064a\u062f-\u0625\u0633\u0628\u0646-\u0628\u0627\u0631\u062b-768x432.jpg 768w\" sizes=\"auto, (max-width: 1280px) 100vw, 1280px\" \/><\/a>\n\t\t\t<\/div><\/figure>\n\t\t<\/div>\n\n","protected":false},"excerpt":{"rendered":"<p>M\u00dcN\u0130H (SANA) \u2013 D\u0131\u015fi\u015fleri Bakan\u0131 Say\u0131n Asaad El \u015eeybani ba\u015fkanl\u0131\u011f\u0131ndaki Suriye D\u0131\u015fi\u015fleri Bakanl\u0131\u011f\u0131 heyeti, Almanya&#8217;da d\u00fczenlenen M\u00fcnih G\u00fcvenlik Konferans\u0131 oturum aralar\u0131nda D\u0131\u015fi\u015fleri Bakan\u0131 David Lammy ba\u015fkanl\u0131\u011f\u0131ndaki \u0130ngiltere D\u0131\u015fi\u015fleri Bakanl\u0131\u011f\u0131&#8217;ndan bir heyetle toplant\u0131 ger\u00e7ekle\u015ftirdi. D\u0131\u015fi\u015fleri ve Gurbet\u00e7iler Bakan\u0131 ayr\u0131ca T\u00fcrk mevkida\u015flar\u0131 Say\u0131n Hakan Fidan, Alman Say\u0131n Annalena Baerbock ve Norve\u00e7li Say\u0131n Espen Barth Eide ile de &hellip;<\/p>\n","protected":false},"author":39,"featured_media":315553,"comment_status":"closed","ping_status":"closed","sticky":false,"template":"","format":"standard","meta":{"footnotes":""},"categories":[458,589,459,17988],"tags":[],"class_list":["post-315543","post","type-post","status-publish","format-standard","has-post-thumbnail","","category-dunya1","category-haber-seridi","category-haberler-arap-uluslararasi-politika","category-son-haberler"],"_links":{"self":[{"href":"https:\/\/archive.sana.sy\/tr\/index.php?rest_route=\/wp\/v2\/posts\/315543","targetHints":{"allow":["GET"]}}],"collection":[{"href":"https:\/\/archive.sana.sy\/tr\/index.php?rest_route=\/wp\/v2\/posts"}],"about":[{"href":"https:\/\/archive.sana.sy\/tr\/index.php?rest_route=\/wp\/v2\/types\/post"}],"author":[{"embeddable":true,"href":"https:\/\/archive.sana.sy\/tr\/index.php?rest_route=\/wp\/v2\/users\/39"}],"replies":[{"embeddable":true,"href":"https:\/\/archive.sana.sy\/tr\/index.php?rest_route=%2Fwp%2Fv2%2Fcomments&post=315543"}],"version-history":[{"count":3,"href":"https:\/\/archive.sana.sy\/tr\/index.php?rest_route=\/wp\/v2\/posts\/315543\/revisions"}],"predecessor-version":[{"id":315596,"href":"https:\/\/archive.sana.sy\/tr\/index.php?rest_route=\/wp\/v2\/posts\/315543\/revisions\/315596"}],"wp:featuredmedia":[{"embeddable":true,"href":"https:\/\/archive.sana.sy\/tr\/index.php?rest_route=\/wp\/v2\/media\/315553"}],"wp:attachment":[{"href":"https:\/\/archive.sana.sy\/tr\/index.php?rest_route=%2Fwp%2Fv2%2Fmedia&parent=315543"}],"wp:term":[{"taxonomy":"category","embeddable":true,"href":"https:\/\/archive.sana.sy\/tr\/index.php?rest_route=%2Fwp%2Fv2%2Fcategories&post=315543"},{"taxonomy":"post_tag","embeddable":true,"href":"https:\/\/archive.sana.sy\/tr\/index.php?rest_route=%2Fwp%2Fv2%2Ftags&post=315543"}],"curies":[{"name":"wp","href":"https:\/\/api.w.org\/{rel}","templated":true}]}}