{"id":315555,"date":"2025-02-16T09:50:39","date_gmt":"2025-02-16T06:50:39","guid":{"rendered":"https:\/\/sana.sy\/tr\/?p=315555"},"modified":"2025-02-17T13:23:31","modified_gmt":"2025-02-17T10:23:31","slug":"cumhurbaskani-el-sara-afrin-bolgesi-ve-kirsalinin-ileri-gelenleriyle-bir-araya-geldi","status":"publish","type":"post","link":"https:\/\/archive.sana.sy\/tr\/?p=315555","title":{"rendered":"Cumhurba\u015fkan\u0131 El \u015eara, Afrin B\u00f6lgesi Ve K\u0131rsal\u0131n\u0131n \u0130leri Gelenleriyle Bir Araya Geldi"},"content":{"rendered":"<p><span style=\"color: #800000;\"><strong>HALEP (<\/strong><strong>SANA) <\/strong><\/span><strong>&#8211; <\/strong>Suriye Arap Cumhuriyeti Cumhurba\u015fkan\u0131 Say\u0131n Ahmed El \u015eara, Afrin b\u00f6lgesi ve k\u0131rsal\u0131n\u0131n ileri gelenleriyle bir araya geldi.<\/p>\n<div id='gallery-1' class='gallery galleryid-315555 gallery-columns-1 gallery-size-full'><figure class='gallery-item'>\n\t\t\t<div class='gallery-icon landscape'>\n\t\t\t\t<a href='https:\/\/archive.sana.sy\/tr\/wp-content\/uploads\/2025\/02\/2-27.jpg'><img loading=\"lazy\" decoding=\"async\" width=\"1200\" height=\"673\" src=\"https:\/\/archive.sana.sy\/tr\/wp-content\/uploads\/2025\/02\/2-27.jpg\" class=\"attachment-full size-full\" alt=\"\" srcset=\"https:\/\/archive.sana.sy\/tr\/wp-content\/uploads\/2025\/02\/2-27.jpg 1200w, https:\/\/archive.sana.sy\/tr\/wp-content\/uploads\/2025\/02\/2-27-300x168.jpg 300w, https:\/\/archive.sana.sy\/tr\/wp-content\/uploads\/2025\/02\/2-27-1024x574.jpg 1024w, https:\/\/archive.sana.sy\/tr\/wp-content\/uploads\/2025\/02\/2-27-768x431.jpg 768w\" sizes=\"auto, (max-width: 1200px) 100vw, 1200px\" \/><\/a>\n\t\t\t<\/div><\/figure><figure class='gallery-item'>\n\t\t\t<div class='gallery-icon landscape'>\n\t\t\t\t<a href='https:\/\/archive.sana.sy\/tr\/wp-content\/uploads\/2025\/02\/3-22.jpg'><img loading=\"lazy\" decoding=\"async\" width=\"1200\" height=\"673\" src=\"https:\/\/archive.sana.sy\/tr\/wp-content\/uploads\/2025\/02\/3-22.jpg\" class=\"attachment-full size-full\" alt=\"\" srcset=\"https:\/\/archive.sana.sy\/tr\/wp-content\/uploads\/2025\/02\/3-22.jpg 1200w, https:\/\/archive.sana.sy\/tr\/wp-content\/uploads\/2025\/02\/3-22-300x168.jpg 300w, https:\/\/archive.sana.sy\/tr\/wp-content\/uploads\/2025\/02\/3-22-1024x574.jpg 1024w, https:\/\/archive.sana.sy\/tr\/wp-content\/uploads\/2025\/02\/3-22-768x431.jpg 768w\" sizes=\"auto, (max-width: 1200px) 100vw, 1200px\" \/><\/a>\n\t\t\t<\/div><\/figure><figure class='gallery-item'>\n\t\t\t<div class='gallery-icon landscape'>\n\t\t\t\t<a href='https:\/\/archive.sana.sy\/tr\/wp-content\/uploads\/2025\/02\/4-18.jpg'><img loading=\"lazy\" decoding=\"async\" width=\"1200\" height=\"673\" src=\"https:\/\/archive.sana.sy\/tr\/wp-content\/uploads\/2025\/02\/4-18.jpg\" class=\"attachment-full size-full\" alt=\"\" srcset=\"https:\/\/archive.sana.sy\/tr\/wp-content\/uploads\/2025\/02\/4-18.jpg 1200w, https:\/\/archive.sana.sy\/tr\/wp-content\/uploads\/2025\/02\/4-18-300x168.jpg 300w, https:\/\/archive.sana.sy\/tr\/wp-content\/uploads\/2025\/02\/4-18-1024x574.jpg 1024w, https:\/\/archive.sana.sy\/tr\/wp-content\/uploads\/2025\/02\/4-18-768x431.jpg 768w\" sizes=\"auto, (max-width: 1200px) 100vw, 1200px\" \/><\/a>\n\t\t\t<\/div><\/figure><figure class='gallery-item'>\n\t\t\t<div class='gallery-icon landscape'>\n\t\t\t\t<a href='https:\/\/archive.sana.sy\/tr\/wp-content\/uploads\/2025\/02\/1500x500.jpg'><img loading=\"lazy\" decoding=\"async\" width=\"1200\" height=\"673\" src=\"https:\/\/archive.sana.sy\/tr\/wp-content\/uploads\/2025\/02\/1500x500.jpg\" class=\"attachment-full size-full\" alt=\"\" srcset=\"https:\/\/archive.sana.sy\/tr\/wp-content\/uploads\/2025\/02\/1500x500.jpg 1200w, https:\/\/archive.sana.sy\/tr\/wp-content\/uploads\/2025\/02\/1500x500-300x168.jpg 300w, https:\/\/archive.sana.sy\/tr\/wp-content\/uploads\/2025\/02\/1500x500-1024x574.jpg 1024w, https:\/\/archive.sana.sy\/tr\/wp-content\/uploads\/2025\/02\/1500x500-768x431.jpg 768w\" sizes=\"auto, (max-width: 1200px) 100vw, 1200px\" \/><\/a>\n\t\t\t<\/div><\/figure>\n\t\t<\/div>\n\n","protected":false},"excerpt":{"rendered":"<p>HALEP (SANA) &#8211; Suriye Arap Cumhuriyeti Cumhurba\u015fkan\u0131 Say\u0131n Ahmed El \u015eara, Afrin b\u00f6lgesi ve k\u0131rsal\u0131n\u0131n ileri gelenleriyle bir araya geldi.<\/p>\n","protected":false},"author":39,"featured_media":315556,"comment_status":"closed","ping_status":"closed","sticky":false,"template":"","format":"standard","meta":{"footnotes":""},"categories":[606,479,605,17988,478],"tags":[],"class_list":["post-315555","post","type-post","status-publish","format-standard","has-post-thumbnail","","category-cumhurbaskani","category-haberler-yerel","category-sayin-cumhurbaskani","category-son-haberler","category-yerel"],"_links":{"self":[{"href":"https:\/\/archive.sana.sy\/tr\/index.php?rest_route=\/wp\/v2\/posts\/315555","targetHints":{"allow":["GET"]}}],"collection":[{"href":"https:\/\/archive.sana.sy\/tr\/index.php?rest_route=\/wp\/v2\/posts"}],"about":[{"href":"https:\/\/archive.sana.sy\/tr\/index.php?rest_route=\/wp\/v2\/types\/post"}],"author":[{"embeddable":true,"href":"https:\/\/archive.sana.sy\/tr\/index.php?rest_route=\/wp\/v2\/users\/39"}],"replies":[{"embeddable":true,"href":"https:\/\/archive.sana.sy\/tr\/index.php?rest_route=%2Fwp%2Fv2%2Fcomments&post=315555"}],"version-history":[{"count":2,"href":"https:\/\/archive.sana.sy\/tr\/index.php?rest_route=\/wp\/v2\/posts\/315555\/revisions"}],"predecessor-version":[{"id":315591,"href":"https:\/\/archive.sana.sy\/tr\/index.php?rest_route=\/wp\/v2\/posts\/315555\/revisions\/315591"}],"wp:featuredmedia":[{"embeddable":true,"href":"https:\/\/archive.sana.sy\/tr\/index.php?rest_route=\/wp\/v2\/media\/315556"}],"wp:attachment":[{"href":"https:\/\/archive.sana.sy\/tr\/index.php?rest_route=%2Fwp%2Fv2%2Fmedia&parent=315555"}],"wp:term":[{"taxonomy":"category","embeddable":true,"href":"https:\/\/archive.sana.sy\/tr\/index.php?rest_route=%2Fwp%2Fv2%2Fcategories&post=315555"},{"taxonomy":"post_tag","embeddable":true,"href":"https:\/\/archive.sana.sy\/tr\/index.php?rest_route=%2Fwp%2Fv2%2Ftags&post=315555"}],"curies":[{"name":"wp","href":"https:\/\/api.w.org\/{rel}","templated":true}]}}