{"id":315584,"date":"2025-02-16T10:07:11","date_gmt":"2025-02-16T07:07:11","guid":{"rendered":"https:\/\/sana.sy\/tr\/?p=315584"},"modified":"2025-02-16T15:11:40","modified_gmt":"2025-02-16T12:11:40","slug":"vakiflar-bakanligi-endonezyadaki-uluslararasi-kuran-i-kerim-yarismasinda-ucuncu-olan-ahmed-al-mustafayi-onurlandirdi","status":"publish","type":"post","link":"https:\/\/archive.sana.sy\/tr\/?p=315584","title":{"rendered":"Vak\u0131flar Bakanl\u0131\u011f\u0131, Endonezya&#8217;daki Uluslararas\u0131 Kur&#8217;an-\u0131 Kerim Yar\u0131\u015fmas\u0131nda \u00fc\u00e7\u00fcnc\u00fc olan Ahmed El Mustafa&#8217;y\u0131 onurland\u0131rd\u0131"},"content":{"rendered":"<p style=\"text-align: justify;\"><strong><span style=\"color: #800000;\">\u015eAM (SANA)<\/span> \u2013<\/strong> Vak\u0131flar Bakan\u0131 Hussam Hac H\u00fcsseyn, Endonezya&#8217;daki Uluslararas\u0131 Kur&#8217;an-\u0131 Kerim Yar\u0131\u015fmas\u0131n\u0131n (Kuran-\u0131 Kerim Okuma \u015eubesi) d\u00f6rd\u00fcnc\u00fc oturumunda \u00fc\u00e7\u00fcnc\u00fc olan okuyucu \u015eeyh Ahmed Safi El Mustafa&#8217;y\u0131 onurland\u0131rd\u0131.<\/p>\n<p style=\"text-align: justify;\">Bakanl\u0131k, Telegram kanal\u0131nda yapt\u0131\u011f\u0131 a\u00e7\u0131klamada, yar\u0131\u015fmaya d\u00fcnyan\u0131n \u00e7e\u015fitli \u00fclkelerinden okuyucular\u0131n geni\u015f kat\u0131l\u0131m\u0131n\u0131n ger\u00e7ekle\u015fti\u011fini ve \u00f6d\u00fcl t\u00f6reninin \u015eam Valili\u011fi Kur&#8217;an-\u0131 Kerim \u0130\u015fleri Dairesi sponsorlu\u011funda ger\u00e7ekle\u015ftirildi\u011fini a\u00e7\u0131klad\u0131.<\/p>\n<div id='gallery-1' class='gallery galleryid-315584 gallery-columns-3 gallery-size-full'><figure class='gallery-item'>\n\t\t\t<div class='gallery-icon landscape'>\n\t\t\t\t<a href='https:\/\/archive.sana.sy\/tr\/wp-content\/uploads\/2025\/02\/photo_2025-02-16_10-40-41-2.jpg'><img loading=\"lazy\" decoding=\"async\" width=\"660\" height=\"371\" src=\"https:\/\/archive.sana.sy\/tr\/wp-content\/uploads\/2025\/02\/photo_2025-02-16_10-40-41-2.jpg\" class=\"attachment-full size-full\" alt=\"\" srcset=\"https:\/\/archive.sana.sy\/tr\/wp-content\/uploads\/2025\/02\/photo_2025-02-16_10-40-41-2.jpg 660w, https:\/\/archive.sana.sy\/tr\/wp-content\/uploads\/2025\/02\/photo_2025-02-16_10-40-41-2-300x169.jpg 300w\" sizes=\"auto, (max-width: 660px) 100vw, 660px\" \/><\/a>\n\t\t\t<\/div><\/figure><figure class='gallery-item'>\n\t\t\t<div class='gallery-icon landscape'>\n\t\t\t\t<a href='https:\/\/archive.sana.sy\/tr\/wp-content\/uploads\/2025\/02\/photo_2025-02-16_10-40-41-3.jpg'><img loading=\"lazy\" decoding=\"async\" width=\"660\" height=\"371\" src=\"https:\/\/archive.sana.sy\/tr\/wp-content\/uploads\/2025\/02\/photo_2025-02-16_10-40-41-3.jpg\" class=\"attachment-full size-full\" alt=\"\" srcset=\"https:\/\/archive.sana.sy\/tr\/wp-content\/uploads\/2025\/02\/photo_2025-02-16_10-40-41-3.jpg 660w, https:\/\/archive.sana.sy\/tr\/wp-content\/uploads\/2025\/02\/photo_2025-02-16_10-40-41-3-300x169.jpg 300w\" sizes=\"auto, (max-width: 660px) 100vw, 660px\" \/><\/a>\n\t\t\t<\/div><\/figure><figure class='gallery-item'>\n\t\t\t<div class='gallery-icon landscape'>\n\t\t\t\t<a href='https:\/\/archive.sana.sy\/tr\/wp-content\/uploads\/2025\/02\/photo_2025-02-16_10-40-42.jpg'><img loading=\"lazy\" decoding=\"async\" width=\"660\" height=\"371\" src=\"https:\/\/archive.sana.sy\/tr\/wp-content\/uploads\/2025\/02\/photo_2025-02-16_10-40-42.jpg\" class=\"attachment-full size-full\" alt=\"\" srcset=\"https:\/\/archive.sana.sy\/tr\/wp-content\/uploads\/2025\/02\/photo_2025-02-16_10-40-42.jpg 660w, https:\/\/archive.sana.sy\/tr\/wp-content\/uploads\/2025\/02\/photo_2025-02-16_10-40-42-300x169.jpg 300w\" sizes=\"auto, (max-width: 660px) 100vw, 660px\" \/><\/a>\n\t\t\t<\/div><\/figure>\n\t\t<\/div>\n\n","protected":false},"excerpt":{"rendered":"<p>\u015eAM (SANA) \u2013 Vak\u0131flar Bakan\u0131 Hussam Hac H\u00fcsseyn, Endonezya&#8217;daki Uluslararas\u0131 Kur&#8217;an-\u0131 Kerim Yar\u0131\u015fmas\u0131n\u0131n (Kuran-\u0131 Kerim Okuma \u015eubesi) d\u00f6rd\u00fcnc\u00fc oturumunda \u00fc\u00e7\u00fcnc\u00fc olan okuyucu \u015eeyh Ahmed Safi El Mustafa&#8217;y\u0131 onurland\u0131rd\u0131. Bakanl\u0131k, Telegram kanal\u0131nda yapt\u0131\u011f\u0131 a\u00e7\u0131klamada, yar\u0131\u015fmaya d\u00fcnyan\u0131n \u00e7e\u015fitli \u00fclkelerinden okuyucular\u0131n geni\u015f kat\u0131l\u0131m\u0131n\u0131n ger\u00e7ekle\u015fti\u011fini ve \u00f6d\u00fcl t\u00f6reninin \u015eam Valili\u011fi Kur&#8217;an-\u0131 Kerim \u0130\u015fleri Dairesi sponsorlu\u011funda ger\u00e7ekle\u015ftirildi\u011fini a\u00e7\u0131klad\u0131.<\/p>\n","protected":false},"author":39,"featured_media":315585,"comment_status":"closed","ping_status":"closed","sticky":false,"template":"","format":"standard","meta":{"footnotes":""},"categories":[589,479,17988,478],"tags":[],"class_list":["post-315584","post","type-post","status-publish","format-standard","has-post-thumbnail","","category-haber-seridi","category-haberler-yerel","category-son-haberler","category-yerel"],"_links":{"self":[{"href":"https:\/\/archive.sana.sy\/tr\/index.php?rest_route=\/wp\/v2\/posts\/315584","targetHints":{"allow":["GET"]}}],"collection":[{"href":"https:\/\/archive.sana.sy\/tr\/index.php?rest_route=\/wp\/v2\/posts"}],"about":[{"href":"https:\/\/archive.sana.sy\/tr\/index.php?rest_route=\/wp\/v2\/types\/post"}],"author":[{"embeddable":true,"href":"https:\/\/archive.sana.sy\/tr\/index.php?rest_route=\/wp\/v2\/users\/39"}],"replies":[{"embeddable":true,"href":"https:\/\/archive.sana.sy\/tr\/index.php?rest_route=%2Fwp%2Fv2%2Fcomments&post=315584"}],"version-history":[{"count":3,"href":"https:\/\/archive.sana.sy\/tr\/index.php?rest_route=\/wp\/v2\/posts\/315584\/revisions"}],"predecessor-version":[{"id":315594,"href":"https:\/\/archive.sana.sy\/tr\/index.php?rest_route=\/wp\/v2\/posts\/315584\/revisions\/315594"}],"wp:featuredmedia":[{"embeddable":true,"href":"https:\/\/archive.sana.sy\/tr\/index.php?rest_route=\/wp\/v2\/media\/315585"}],"wp:attachment":[{"href":"https:\/\/archive.sana.sy\/tr\/index.php?rest_route=%2Fwp%2Fv2%2Fmedia&parent=315584"}],"wp:term":[{"taxonomy":"category","embeddable":true,"href":"https:\/\/archive.sana.sy\/tr\/index.php?rest_route=%2Fwp%2Fv2%2Fcategories&post=315584"},{"taxonomy":"post_tag","embeddable":true,"href":"https:\/\/archive.sana.sy\/tr\/index.php?rest_route=%2Fwp%2Fv2%2Ftags&post=315584"}],"curies":[{"name":"wp","href":"https:\/\/api.w.org\/{rel}","templated":true}]}}