{"id":315655,"date":"2025-02-17T15:58:26","date_gmt":"2025-02-17T12:58:26","guid":{"rendered":"https:\/\/sana.sy\/tr\/?p=315655"},"modified":"2025-02-17T15:59:33","modified_gmt":"2025-02-17T12:59:33","slug":"el-tadamon-mahalle-katliamina-karisanlardan-biri-tutuklandi","status":"publish","type":"post","link":"https:\/\/archive.sana.sy\/tr\/?p=315655","title":{"rendered":"El Tadamon Mahalle Katliam\u0131na Kar\u0131\u015fanlardan Biri Tutukland\u0131"},"content":{"rendered":"<p style=\"text-align: justify;\"><strong><span style=\"color: #800000;\">\u015eAM (SANA)<\/span> &#8211;<\/strong>\u00a0 \u015eam Kamu G\u00fcvenli\u011fi M\u00fcd\u00fcrl\u00fc\u011f\u00fc, El Tadamon mahallesindeki katliama kar\u0131\u015fanlardan Munzir Ahmed Cezayiri&#8217;yi tutuklad\u0131.<\/p>\n<p style=\"text-align: justify;\">\u0130\u00e7i\u015fleri Bakanl\u0131\u011f\u0131, resmi Telegram sayfas\u0131ndan yapt\u0131\u011f\u0131 payla\u015f\u0131mda, usul ve esaslar \u00e7er\u00e7evesinde yetkili makamlara sevk edildi\u011fini bildirdi.<\/p>\n","protected":false},"excerpt":{"rendered":"<p>\u015eAM (SANA) &#8211;\u00a0 \u015eam Kamu G\u00fcvenli\u011fi M\u00fcd\u00fcrl\u00fc\u011f\u00fc, El Tadamon mahallesindeki katliama kar\u0131\u015fanlardan Munzir Ahmed Cezayiri&#8217;yi tutuklad\u0131. \u0130\u00e7i\u015fleri Bakanl\u0131\u011f\u0131, resmi Telegram sayfas\u0131ndan yapt\u0131\u011f\u0131 payla\u015f\u0131mda, usul ve esaslar \u00e7er\u00e7evesinde yetkili makamlara sevk edildi\u011fini bildirdi.<\/p>\n","protected":false},"author":41,"featured_media":315656,"comment_status":"closed","ping_status":"closed","sticky":false,"template":"","format":"standard","meta":{"footnotes":""},"categories":[589,479,17988,478],"tags":[43388],"class_list":["post-315655","post","type-post","status-publish","format-standard","has-post-thumbnail","","category-haber-seridi","category-haberler-yerel","category-son-haberler","category-yerel","tag-el-tadamon-mahalle-katliamina-karisanlardan-biri-tutuklandi"],"_links":{"self":[{"href":"https:\/\/archive.sana.sy\/tr\/index.php?rest_route=\/wp\/v2\/posts\/315655","targetHints":{"allow":["GET"]}}],"collection":[{"href":"https:\/\/archive.sana.sy\/tr\/index.php?rest_route=\/wp\/v2\/posts"}],"about":[{"href":"https:\/\/archive.sana.sy\/tr\/index.php?rest_route=\/wp\/v2\/types\/post"}],"author":[{"embeddable":true,"href":"https:\/\/archive.sana.sy\/tr\/index.php?rest_route=\/wp\/v2\/users\/41"}],"replies":[{"embeddable":true,"href":"https:\/\/archive.sana.sy\/tr\/index.php?rest_route=%2Fwp%2Fv2%2Fcomments&post=315655"}],"version-history":[{"count":2,"href":"https:\/\/archive.sana.sy\/tr\/index.php?rest_route=\/wp\/v2\/posts\/315655\/revisions"}],"predecessor-version":[{"id":315658,"href":"https:\/\/archive.sana.sy\/tr\/index.php?rest_route=\/wp\/v2\/posts\/315655\/revisions\/315658"}],"wp:featuredmedia":[{"embeddable":true,"href":"https:\/\/archive.sana.sy\/tr\/index.php?rest_route=\/wp\/v2\/media\/315656"}],"wp:attachment":[{"href":"https:\/\/archive.sana.sy\/tr\/index.php?rest_route=%2Fwp%2Fv2%2Fmedia&parent=315655"}],"wp:term":[{"taxonomy":"category","embeddable":true,"href":"https:\/\/archive.sana.sy\/tr\/index.php?rest_route=%2Fwp%2Fv2%2Fcategories&post=315655"},{"taxonomy":"post_tag","embeddable":true,"href":"https:\/\/archive.sana.sy\/tr\/index.php?rest_route=%2Fwp%2Fv2%2Ftags&post=315655"}],"curies":[{"name":"wp","href":"https:\/\/api.w.org\/{rel}","templated":true}]}}