{"id":315666,"date":"2025-02-18T08:31:04","date_gmt":"2025-02-18T05:31:04","guid":{"rendered":"https:\/\/sana.sy\/tr\/?p=315666"},"modified":"2025-02-18T14:58:01","modified_gmt":"2025-02-18T11:58:01","slug":"katolikos-aram-i-keshishian-cumhurbaskani-ahmed-el-sarayi-cumhuriyet-cumhurbaskanligini-ustlenmesinden-dolayi-tebrik-etti","status":"publish","type":"post","link":"https:\/\/archive.sana.sy\/tr\/?p=315666","title":{"rendered":"Katolikos Aram I Keshishian, Cumhurba\u015fkan\u0131 Ahmed El \u015eara&#8217;y\u0131 Cumhuriyet Cumhurba\u015fkanl\u0131\u011f\u0131n\u0131 \u00dcstlenmesinden Dolay\u0131 Tebrik Etti"},"content":{"rendered":"<p style=\"text-align: justify;\"><strong><span style=\"color: #800000;\">BEYRUT (SANA)<\/span> &#8211;<\/strong> Kilikya B\u00fcy\u00fck Evi T\u00fcm Ermenilerin Katolikosu Katolikos Aram I Ke\u015fi\u015fyan, Suriye Arap Cumhuriyeti Cumhurba\u015fkan\u0131 Say\u0131n Ahmed El \u015eara&#8217;y\u0131 cumhurba\u015fkanl\u0131\u011f\u0131 g\u00f6revini \u00fcstlenmesinden dolay\u0131 tebrik etti. \u200f<\/p>\n<p style=\"text-align: justify;\">Katolikos Aram I, bug\u00fcn Suriye Ermeni cemaati ve kendi ad\u0131na g\u00f6nderdi\u011fi tebrik telgraf\u0131nda \u015funlar\u0131 s\u00f6yledi: &#8220;Suriye halk\u0131, t\u00fcm mezhepleriyle birlikte, say\u0131s\u0131z zorluk ve s\u0131k\u0131nt\u0131ya g\u00f6\u011f\u00fcs germi\u015f, ancak \u00fclkede adaletin ve e\u015fitli\u011fin hakim olaca\u011f\u0131, t\u00fcm Suriyelilerin haklar\u0131n\u0131n ayr\u0131mc\u0131l\u0131k yap\u0131lmaks\u0131z\u0131n e\u015fit bir \u015fekilde g\u00f6zetilece\u011fi umuduyla sab\u0131r ve umutla m\u00fccadele etmi\u015ftir.&#8221;<\/p>\n<p style=\"text-align: justify;\">Telgrafta Katolikos Aram I ay\u0131rca, Cumhurba\u015fkan\u0131 El \u015eara&#8217;n\u0131n bilge liderli\u011fi sayesinde Suriye tarihinde yeni bir refah sayfas\u0131n\u0131n a\u00e7\u0131lmas\u0131 \u00fcmidini dile getirerek, kendisine g\u00f6revlerinde ba\u015far\u0131 ve rehberlik diledi.<\/p>\n","protected":false},"excerpt":{"rendered":"<p>BEYRUT (SANA) &#8211; Kilikya B\u00fcy\u00fck Evi T\u00fcm Ermenilerin Katolikosu Katolikos Aram I Ke\u015fi\u015fyan, Suriye Arap Cumhuriyeti Cumhurba\u015fkan\u0131 Say\u0131n Ahmed El \u015eara&#8217;y\u0131 cumhurba\u015fkanl\u0131\u011f\u0131 g\u00f6revini \u00fcstlenmesinden dolay\u0131 tebrik etti. \u200f Katolikos Aram I, bug\u00fcn Suriye Ermeni cemaati ve kendi ad\u0131na g\u00f6nderdi\u011fi tebrik telgraf\u0131nda \u015funlar\u0131 s\u00f6yledi: &#8220;Suriye halk\u0131, t\u00fcm mezhepleriyle birlikte, say\u0131s\u0131z zorluk ve s\u0131k\u0131nt\u0131ya g\u00f6\u011f\u00fcs germi\u015f, ancak &hellip;<\/p>\n","protected":false},"author":36,"featured_media":315667,"comment_status":"closed","ping_status":"closed","sticky":false,"template":"","format":"standard","meta":{"footnotes":""},"categories":[458,589,459,17988],"tags":[],"class_list":["post-315666","post","type-post","status-publish","format-standard","has-post-thumbnail","","category-dunya1","category-haber-seridi","category-haberler-arap-uluslararasi-politika","category-son-haberler"],"_links":{"self":[{"href":"https:\/\/archive.sana.sy\/tr\/index.php?rest_route=\/wp\/v2\/posts\/315666","targetHints":{"allow":["GET"]}}],"collection":[{"href":"https:\/\/archive.sana.sy\/tr\/index.php?rest_route=\/wp\/v2\/posts"}],"about":[{"href":"https:\/\/archive.sana.sy\/tr\/index.php?rest_route=\/wp\/v2\/types\/post"}],"author":[{"embeddable":true,"href":"https:\/\/archive.sana.sy\/tr\/index.php?rest_route=\/wp\/v2\/users\/36"}],"replies":[{"embeddable":true,"href":"https:\/\/archive.sana.sy\/tr\/index.php?rest_route=%2Fwp%2Fv2%2Fcomments&post=315666"}],"version-history":[{"count":2,"href":"https:\/\/archive.sana.sy\/tr\/index.php?rest_route=\/wp\/v2\/posts\/315666\/revisions"}],"predecessor-version":[{"id":315698,"href":"https:\/\/archive.sana.sy\/tr\/index.php?rest_route=\/wp\/v2\/posts\/315666\/revisions\/315698"}],"wp:featuredmedia":[{"embeddable":true,"href":"https:\/\/archive.sana.sy\/tr\/index.php?rest_route=\/wp\/v2\/media\/315667"}],"wp:attachment":[{"href":"https:\/\/archive.sana.sy\/tr\/index.php?rest_route=%2Fwp%2Fv2%2Fmedia&parent=315666"}],"wp:term":[{"taxonomy":"category","embeddable":true,"href":"https:\/\/archive.sana.sy\/tr\/index.php?rest_route=%2Fwp%2Fv2%2Fcategories&post=315666"},{"taxonomy":"post_tag","embeddable":true,"href":"https:\/\/archive.sana.sy\/tr\/index.php?rest_route=%2Fwp%2Fv2%2Ftags&post=315666"}],"curies":[{"name":"wp","href":"https:\/\/api.w.org\/{rel}","templated":true}]}}