{"id":315672,"date":"2025-02-18T11:32:37","date_gmt":"2025-02-18T08:32:37","guid":{"rendered":"https:\/\/sana.sy\/tr\/?p=315672"},"modified":"2025-02-18T14:56:49","modified_gmt":"2025-02-18T11:56:49","slug":"lazkiye-valisi-cable-kentindeki-hizmet-ve-saglik-merkezleri-ile-bazi-mahalleleri-ziyaret-etti","status":"publish","type":"post","link":"https:\/\/archive.sana.sy\/tr\/?p=315672","title":{"rendered":"Lazkiye Valisi, Cable Kentindeki Hizmet ve Sa\u011fl\u0131k Merkezleri \u0130le Baz\u0131 Mahalleleri Ziyaret Etti"},"content":{"rendered":"<p style=\"text-align: justify;\"><strong><span style=\"color: #800000;\">LAZK\u0130YE (SANA)<\/span> &#8211; <\/strong>Lazkiye Valisi Muhammad Osman, beraberinde il\u00e7e m\u00fcd\u00fcr\u00fc Dr. Amcad Stan, valilik polis komutan\u0131 Yarbay Mustafa Sabuh ve valilikteki idari birimlerden sorumlu yetkili Ali Asi e\u015fli\u011finde Cable kentindeki hizmet ve sa\u011fl\u0131k merkezlerini, baz\u0131 mahalleleri ve halk pazar\u0131n\u0131 ziyaret etti.<\/p>\n<div id='gallery-1' class='gallery galleryid-315672 gallery-columns-4 gallery-size-full'><figure class='gallery-item'>\n\t\t\t<div class='gallery-icon landscape'>\n\t\t\t\t<a href='https:\/\/archive.sana.sy\/tr\/wp-content\/uploads\/2025\/02\/photo_2025-02-18_11-22-17.jpg'><img loading=\"lazy\" decoding=\"async\" width=\"1280\" height=\"719\" src=\"https:\/\/archive.sana.sy\/tr\/wp-content\/uploads\/2025\/02\/photo_2025-02-18_11-22-17.jpg\" class=\"attachment-full size-full\" alt=\"\" srcset=\"https:\/\/archive.sana.sy\/tr\/wp-content\/uploads\/2025\/02\/photo_2025-02-18_11-22-17.jpg 1280w, https:\/\/archive.sana.sy\/tr\/wp-content\/uploads\/2025\/02\/photo_2025-02-18_11-22-17-300x169.jpg 300w, https:\/\/archive.sana.sy\/tr\/wp-content\/uploads\/2025\/02\/photo_2025-02-18_11-22-17-1024x575.jpg 1024w, https:\/\/archive.sana.sy\/tr\/wp-content\/uploads\/2025\/02\/photo_2025-02-18_11-22-17-768x431.jpg 768w\" sizes=\"auto, (max-width: 1280px) 100vw, 1280px\" \/><\/a>\n\t\t\t<\/div><\/figure><figure class='gallery-item'>\n\t\t\t<div class='gallery-icon landscape'>\n\t\t\t\t<a href='https:\/\/archive.sana.sy\/tr\/wp-content\/uploads\/2025\/02\/photo_2025-02-18_11-22-22.jpg'><img loading=\"lazy\" decoding=\"async\" width=\"1280\" height=\"719\" src=\"https:\/\/archive.sana.sy\/tr\/wp-content\/uploads\/2025\/02\/photo_2025-02-18_11-22-22.jpg\" class=\"attachment-full size-full\" alt=\"\" srcset=\"https:\/\/archive.sana.sy\/tr\/wp-content\/uploads\/2025\/02\/photo_2025-02-18_11-22-22.jpg 1280w, https:\/\/archive.sana.sy\/tr\/wp-content\/uploads\/2025\/02\/photo_2025-02-18_11-22-22-300x169.jpg 300w, https:\/\/archive.sana.sy\/tr\/wp-content\/uploads\/2025\/02\/photo_2025-02-18_11-22-22-1024x575.jpg 1024w, https:\/\/archive.sana.sy\/tr\/wp-content\/uploads\/2025\/02\/photo_2025-02-18_11-22-22-768x431.jpg 768w\" sizes=\"auto, (max-width: 1280px) 100vw, 1280px\" \/><\/a>\n\t\t\t<\/div><\/figure><figure class='gallery-item'>\n\t\t\t<div class='gallery-icon landscape'>\n\t\t\t\t<a href='https:\/\/archive.sana.sy\/tr\/wp-content\/uploads\/2025\/02\/photo_2025-02-18_11-22-27.jpg'><img loading=\"lazy\" decoding=\"async\" width=\"1280\" height=\"719\" src=\"https:\/\/archive.sana.sy\/tr\/wp-content\/uploads\/2025\/02\/photo_2025-02-18_11-22-27.jpg\" class=\"attachment-full size-full\" alt=\"\" srcset=\"https:\/\/archive.sana.sy\/tr\/wp-content\/uploads\/2025\/02\/photo_2025-02-18_11-22-27.jpg 1280w, https:\/\/archive.sana.sy\/tr\/wp-content\/uploads\/2025\/02\/photo_2025-02-18_11-22-27-300x169.jpg 300w, https:\/\/archive.sana.sy\/tr\/wp-content\/uploads\/2025\/02\/photo_2025-02-18_11-22-27-1024x575.jpg 1024w, https:\/\/archive.sana.sy\/tr\/wp-content\/uploads\/2025\/02\/photo_2025-02-18_11-22-27-768x431.jpg 768w\" sizes=\"auto, (max-width: 1280px) 100vw, 1280px\" \/><\/a>\n\t\t\t<\/div><\/figure><figure class='gallery-item'>\n\t\t\t<div class='gallery-icon landscape'>\n\t\t\t\t<a href='https:\/\/archive.sana.sy\/tr\/wp-content\/uploads\/2025\/02\/photo_2025-02-18_11-22-30.jpg'><img loading=\"lazy\" decoding=\"async\" width=\"1280\" height=\"719\" src=\"https:\/\/archive.sana.sy\/tr\/wp-content\/uploads\/2025\/02\/photo_2025-02-18_11-22-30.jpg\" class=\"attachment-full size-full\" alt=\"\" srcset=\"https:\/\/archive.sana.sy\/tr\/wp-content\/uploads\/2025\/02\/photo_2025-02-18_11-22-30.jpg 1280w, https:\/\/archive.sana.sy\/tr\/wp-content\/uploads\/2025\/02\/photo_2025-02-18_11-22-30-300x169.jpg 300w, https:\/\/archive.sana.sy\/tr\/wp-content\/uploads\/2025\/02\/photo_2025-02-18_11-22-30-1024x575.jpg 1024w, https:\/\/archive.sana.sy\/tr\/wp-content\/uploads\/2025\/02\/photo_2025-02-18_11-22-30-768x431.jpg 768w\" sizes=\"auto, (max-width: 1280px) 100vw, 1280px\" \/><\/a>\n\t\t\t<\/div><\/figure>\n\t\t<\/div>\n\n","protected":false},"excerpt":{"rendered":"<p>LAZK\u0130YE (SANA) &#8211; Lazkiye Valisi Muhammad Osman, beraberinde il\u00e7e m\u00fcd\u00fcr\u00fc Dr. Amcad Stan, valilik polis komutan\u0131 Yarbay Mustafa Sabuh ve valilikteki idari birimlerden sorumlu yetkili Ali Asi e\u015fli\u011finde Cable kentindeki hizmet ve sa\u011fl\u0131k merkezlerini, baz\u0131 mahalleleri ve halk pazar\u0131n\u0131 ziyaret etti.<\/p>\n","protected":false},"author":36,"featured_media":315677,"comment_status":"closed","ping_status":"closed","sticky":false,"template":"","format":"standard","meta":{"footnotes":""},"categories":[596,589,479,17988,478],"tags":[],"class_list":["post-315672","post","type-post","status-publish","format-standard","has-post-thumbnail","","category-fotografli-raporlar","category-haber-seridi","category-haberler-yerel","category-son-haberler","category-yerel"],"_links":{"self":[{"href":"https:\/\/archive.sana.sy\/tr\/index.php?rest_route=\/wp\/v2\/posts\/315672","targetHints":{"allow":["GET"]}}],"collection":[{"href":"https:\/\/archive.sana.sy\/tr\/index.php?rest_route=\/wp\/v2\/posts"}],"about":[{"href":"https:\/\/archive.sana.sy\/tr\/index.php?rest_route=\/wp\/v2\/types\/post"}],"author":[{"embeddable":true,"href":"https:\/\/archive.sana.sy\/tr\/index.php?rest_route=\/wp\/v2\/users\/36"}],"replies":[{"embeddable":true,"href":"https:\/\/archive.sana.sy\/tr\/index.php?rest_route=%2Fwp%2Fv2%2Fcomments&post=315672"}],"version-history":[{"count":2,"href":"https:\/\/archive.sana.sy\/tr\/index.php?rest_route=\/wp\/v2\/posts\/315672\/revisions"}],"predecessor-version":[{"id":315696,"href":"https:\/\/archive.sana.sy\/tr\/index.php?rest_route=\/wp\/v2\/posts\/315672\/revisions\/315696"}],"wp:featuredmedia":[{"embeddable":true,"href":"https:\/\/archive.sana.sy\/tr\/index.php?rest_route=\/wp\/v2\/media\/315677"}],"wp:attachment":[{"href":"https:\/\/archive.sana.sy\/tr\/index.php?rest_route=%2Fwp%2Fv2%2Fmedia&parent=315672"}],"wp:term":[{"taxonomy":"category","embeddable":true,"href":"https:\/\/archive.sana.sy\/tr\/index.php?rest_route=%2Fwp%2Fv2%2Fcategories&post=315672"},{"taxonomy":"post_tag","embeddable":true,"href":"https:\/\/archive.sana.sy\/tr\/index.php?rest_route=%2Fwp%2Fv2%2Ftags&post=315672"}],"curies":[{"name":"wp","href":"https:\/\/api.w.org\/{rel}","templated":true}]}}