{"id":315682,"date":"2025-02-18T13:06:59","date_gmt":"2025-02-18T10:06:59","guid":{"rendered":"https:\/\/sana.sy\/tr\/?p=315682"},"modified":"2025-02-18T14:56:08","modified_gmt":"2025-02-18T11:56:08","slug":"yuksek-ogrenim-bakani-deutsche-welle-akademisi-ile-isbirligi-alanlarini-gorustu","status":"publish","type":"post","link":"https:\/\/archive.sana.sy\/tr\/?p=315682","title":{"rendered":"Y\u00fcksek \u00d6\u011fretim Bakan\u0131 &#8220;Deutsche Welle&#8221; Akademisi \u0130le \u0130\u015fbirli\u011fi Alanlar\u0131n\u0131 G\u00f6r\u00fc\u015ft\u00fc"},"content":{"rendered":"<p style=\"text-align: justify;\"><strong><span style=\"color: #800000;\">\u015eAM (SANA)<\/span> \u2013 <\/strong>Y\u00fcksek \u00d6\u011fretim ve Bilimsel Ara\u015ft\u0131rma Bakan\u0131 Dr. Abd\u00fclm\u00fcin Abdulhaf\u0131z, Alman \u201cDeutsche Welle\u201d Medya Geli\u015ftirme Akademisi&#8217;nden bir heyetle yapt\u0131\u011f\u0131 g\u00f6r\u00fc\u015fmede bilimsel ve akademik i\u015fbirli\u011fi alanlar\u0131n\u0131 ele ald\u0131.<\/p>\n<p style=\"text-align: justify;\">Akademi Ortado\u011fu ve Kuzey Afrika Dairesi Ba\u015fkan\u0131 Profes\u00f6r Jens Rahe ba\u015fkanl\u0131\u011f\u0131ndaki heyetle d\u00fcn Bakanl\u0131k binas\u0131nda ger\u00e7ekle\u015ftirilen toplant\u0131da Bakan Abdel Hafez, Suriye \u00fcniversitelerindeki medya fak\u00fcltelerinde akademik yeterlilik ve e\u011fitim konular\u0131n\u0131 ele ald\u0131. \u200f<\/p>\n","protected":false},"excerpt":{"rendered":"<p>\u015eAM (SANA) \u2013 Y\u00fcksek \u00d6\u011fretim ve Bilimsel Ara\u015ft\u0131rma Bakan\u0131 Dr. Abd\u00fclm\u00fcin Abdulhaf\u0131z, Alman \u201cDeutsche Welle\u201d Medya Geli\u015ftirme Akademisi&#8217;nden bir heyetle yapt\u0131\u011f\u0131 g\u00f6r\u00fc\u015fmede bilimsel ve akademik i\u015fbirli\u011fi alanlar\u0131n\u0131 ele ald\u0131. Akademi Ortado\u011fu ve Kuzey Afrika Dairesi Ba\u015fkan\u0131 Profes\u00f6r Jens Rahe ba\u015fkanl\u0131\u011f\u0131ndaki heyetle d\u00fcn Bakanl\u0131k binas\u0131nda ger\u00e7ekle\u015ftirilen toplant\u0131da Bakan Abdel Hafez, Suriye \u00fcniversitelerindeki medya fak\u00fcltelerinde akademik yeterlilik &hellip;<\/p>\n","protected":false},"author":36,"featured_media":315691,"comment_status":"closed","ping_status":"closed","sticky":false,"template":"","format":"standard","meta":{"footnotes":""},"categories":[589,479,17988,478],"tags":[],"class_list":["post-315682","post","type-post","status-publish","format-standard","has-post-thumbnail","","category-haber-seridi","category-haberler-yerel","category-son-haberler","category-yerel"],"_links":{"self":[{"href":"https:\/\/archive.sana.sy\/tr\/index.php?rest_route=\/wp\/v2\/posts\/315682","targetHints":{"allow":["GET"]}}],"collection":[{"href":"https:\/\/archive.sana.sy\/tr\/index.php?rest_route=\/wp\/v2\/posts"}],"about":[{"href":"https:\/\/archive.sana.sy\/tr\/index.php?rest_route=\/wp\/v2\/types\/post"}],"author":[{"embeddable":true,"href":"https:\/\/archive.sana.sy\/tr\/index.php?rest_route=\/wp\/v2\/users\/36"}],"replies":[{"embeddable":true,"href":"https:\/\/archive.sana.sy\/tr\/index.php?rest_route=%2Fwp%2Fv2%2Fcomments&post=315682"}],"version-history":[{"count":2,"href":"https:\/\/archive.sana.sy\/tr\/index.php?rest_route=\/wp\/v2\/posts\/315682\/revisions"}],"predecessor-version":[{"id":315695,"href":"https:\/\/archive.sana.sy\/tr\/index.php?rest_route=\/wp\/v2\/posts\/315682\/revisions\/315695"}],"wp:featuredmedia":[{"embeddable":true,"href":"https:\/\/archive.sana.sy\/tr\/index.php?rest_route=\/wp\/v2\/media\/315691"}],"wp:attachment":[{"href":"https:\/\/archive.sana.sy\/tr\/index.php?rest_route=%2Fwp%2Fv2%2Fmedia&parent=315682"}],"wp:term":[{"taxonomy":"category","embeddable":true,"href":"https:\/\/archive.sana.sy\/tr\/index.php?rest_route=%2Fwp%2Fv2%2Fcategories&post=315682"},{"taxonomy":"post_tag","embeddable":true,"href":"https:\/\/archive.sana.sy\/tr\/index.php?rest_route=%2Fwp%2Fv2%2Ftags&post=315682"}],"curies":[{"name":"wp","href":"https:\/\/api.w.org\/{rel}","templated":true}]}}