{"id":315704,"date":"2025-02-18T15:30:25","date_gmt":"2025-02-18T12:30:25","guid":{"rendered":"https:\/\/sana.sy\/tr\/?p=315704"},"modified":"2025-02-18T15:31:05","modified_gmt":"2025-02-18T12:31:05","slug":"suriye-katar-gorusmeleri-sivil-savunma-alaninda-is-birligini-artiracak","status":"publish","type":"post","link":"https:\/\/archive.sana.sy\/tr\/?p=315704","title":{"rendered":"Sivil Savunma Alan\u0131nda \u0130\u015f Birli\u011fini Art\u0131rmak \u0130\u00e7in Suriye-Katar G\u00f6r\u00fc\u015fmeleri D\u00fczenlendi"},"content":{"rendered":"<p style=\"text-align: justify;\"><strong><span style=\"color: #800000;\">\u015eAM (SANA)<\/span> &#8211;<\/strong>\u00a0 Suriye Sivil Savunma Vakf\u0131, Katar Uluslararas\u0131 Arama Kurtarma Grubu ile iki taraf aras\u0131ndaki i\u015fbirli\u011finin art\u0131r\u0131lmas\u0131 yollar\u0131n\u0131 g\u00f6r\u00fc\u015ft\u00fc.<\/p>\n<p style=\"text-align: justify;\">Katar Haber Ajans\u0131 (QNA) bug\u00fcn yapt\u0131\u011f\u0131 a\u00e7\u0131klamada, iki taraf\u0131n video konferans yoluyla ger\u00e7ekle\u015ftirdi\u011fi g\u00f6r\u00fc\u015fmede, i\u015f birli\u011fini art\u0131rma, uzmanl\u0131k al\u0131\u015fveri\u015finde bulunma ve aralar\u0131ndaki ortak i\u015f birli\u011fi anla\u015fmas\u0131n\u0131n hayata ge\u00e7irilmesi konusunda koordinasyon sa\u011flama yollar\u0131n\u0131 ele ald\u0131\u011f\u0131n\u0131 bildirdi.<\/p>\n<p style=\"text-align: justify;\">G\u00f6r\u00fc\u015fmeye, Sivil Savunma Genel M\u00fcd\u00fcr\u00fc Raid El Salih ve Katar Uluslararas\u0131 Arama Kurtarma Grubu Komutan\u0131 Binba\u015f\u0131 Halid Abdullah El Humeydi ba\u015fkanl\u0131k etti.<\/p>\n","protected":false},"excerpt":{"rendered":"<p>\u015eAM (SANA) &#8211;\u00a0 Suriye Sivil Savunma Vakf\u0131, Katar Uluslararas\u0131 Arama Kurtarma Grubu ile iki taraf aras\u0131ndaki i\u015fbirli\u011finin art\u0131r\u0131lmas\u0131 yollar\u0131n\u0131 g\u00f6r\u00fc\u015ft\u00fc. Katar Haber Ajans\u0131 (QNA) bug\u00fcn yapt\u0131\u011f\u0131 a\u00e7\u0131klamada, iki taraf\u0131n video konferans yoluyla ger\u00e7ekle\u015ftirdi\u011fi g\u00f6r\u00fc\u015fmede, i\u015f birli\u011fini art\u0131rma, uzmanl\u0131k al\u0131\u015fveri\u015finde bulunma ve aralar\u0131ndaki ortak i\u015f birli\u011fi anla\u015fmas\u0131n\u0131n hayata ge\u00e7irilmesi konusunda koordinasyon sa\u011flama yollar\u0131n\u0131 ele ald\u0131\u011f\u0131n\u0131 bildirdi. &hellip;<\/p>\n","protected":false},"author":41,"featured_media":315705,"comment_status":"closed","ping_status":"closed","sticky":false,"template":"","format":"standard","meta":{"footnotes":""},"categories":[589,479,17988,478],"tags":[],"class_list":["post-315704","post","type-post","status-publish","format-standard","has-post-thumbnail","","category-haber-seridi","category-haberler-yerel","category-son-haberler","category-yerel"],"_links":{"self":[{"href":"https:\/\/archive.sana.sy\/tr\/index.php?rest_route=\/wp\/v2\/posts\/315704","targetHints":{"allow":["GET"]}}],"collection":[{"href":"https:\/\/archive.sana.sy\/tr\/index.php?rest_route=\/wp\/v2\/posts"}],"about":[{"href":"https:\/\/archive.sana.sy\/tr\/index.php?rest_route=\/wp\/v2\/types\/post"}],"author":[{"embeddable":true,"href":"https:\/\/archive.sana.sy\/tr\/index.php?rest_route=\/wp\/v2\/users\/41"}],"replies":[{"embeddable":true,"href":"https:\/\/archive.sana.sy\/tr\/index.php?rest_route=%2Fwp%2Fv2%2Fcomments&post=315704"}],"version-history":[{"count":2,"href":"https:\/\/archive.sana.sy\/tr\/index.php?rest_route=\/wp\/v2\/posts\/315704\/revisions"}],"predecessor-version":[{"id":315707,"href":"https:\/\/archive.sana.sy\/tr\/index.php?rest_route=\/wp\/v2\/posts\/315704\/revisions\/315707"}],"wp:featuredmedia":[{"embeddable":true,"href":"https:\/\/archive.sana.sy\/tr\/index.php?rest_route=\/wp\/v2\/media\/315705"}],"wp:attachment":[{"href":"https:\/\/archive.sana.sy\/tr\/index.php?rest_route=%2Fwp%2Fv2%2Fmedia&parent=315704"}],"wp:term":[{"taxonomy":"category","embeddable":true,"href":"https:\/\/archive.sana.sy\/tr\/index.php?rest_route=%2Fwp%2Fv2%2Fcategories&post=315704"},{"taxonomy":"post_tag","embeddable":true,"href":"https:\/\/archive.sana.sy\/tr\/index.php?rest_route=%2Fwp%2Fv2%2Ftags&post=315704"}],"curies":[{"name":"wp","href":"https:\/\/api.w.org\/{rel}","templated":true}]}}