{"id":315729,"date":"2025-02-18T15:45:20","date_gmt":"2025-02-18T12:45:20","guid":{"rendered":"https:\/\/sana.sy\/tr\/?p=315729"},"modified":"2025-02-18T18:47:44","modified_gmt":"2025-02-18T15:47:44","slug":"dunyanin-teknoloji-evinden-suriyeli-uzmanlar-ulkelerinin-gelecegi-ve-gencligin-buradaki-rolu-konusunda-iyimser","status":"publish","type":"post","link":"https:\/\/archive.sana.sy\/tr\/?p=315729","title":{"rendered":"D\u00fcnyan\u0131n Teknoloji Evinden&#8230; Suriyeli Uzmanlar \u00dclkelerinin Gelece\u011fi Ve Gen\u00e7li\u011fin Buradaki Rol\u00fc Konusunda \u0130yimser"},"content":{"rendered":"<p style=\"text-align: justify;\"><strong><span style=\"color: #800000;\">ANKARA (SANA)<\/span> &#8211;<\/strong> \u00a0Silikon Vadisi&#8217;ndeki Suriye as\u0131ll\u0131 Amerikal\u0131 uzmanlar, yeni Suriye&#8217;nin gelece\u011fi ve onu yeniden in\u015fa etmede gen\u00e7lerin rol\u00fc konusunda iyimserliklerini dile getirerek, \u00fclkelerini ileriye ta\u015f\u0131mak i\u00e7in teknoloji sekt\u00f6r\u00fcnde gen\u00e7 beyinlere yat\u0131r\u0131m yapman\u0131n \u00f6nemini vurgulad\u0131lar.<\/p>\n<p style=\"text-align: justify;\">Ge\u00e7ti\u011fimiz g\u00fcnlerde \u015eam&#8217;da d\u00fczenlenen teknik bir konferansa kat\u0131l\u0131mlar\u0131 vesilesiyle Cumhurba\u015fkan\u0131 Say\u0131n Ahmed El \u015eara ile bir araya gelen uzmanlar, AA muhabirine yapt\u0131klar\u0131 a\u00e7\u0131klamada, devrik rejimin i\u015fledi\u011fi su\u00e7larla yerle bir etti\u011fi Suriye&#8217;nin kalk\u0131nmas\u0131nda ve gelece\u011finin in\u015fas\u0131nda teknoloji sekt\u00f6r\u00fcn\u00fcn \u00f6nemli bir yere sahip oldu\u011funun ve gen\u00e7lerin rol\u00fcn\u00fcn alt\u0131n\u0131 \u00e7izdiler.<\/p>\n<p style=\"text-align: justify;\">Bu ba\u011flamda Google&#8217;\u0131n yapay zeka uzman\u0131 Mahmud El Nahlevi, Suriyeli gen\u00e7lerin kendilerini geli\u015ftirme konusunda ger\u00e7ek bir istek duydu\u011funu ve f\u0131rsat verildi\u011finde kendilerine ve \u00fclkelerine fayda sa\u011flayabileceklerini s\u00f6yledi.<\/p>\n<p style=\"text-align: justify;\">\u015eam&#8217;daki teknik konferans\u0131 geni\u015f bir aile toplant\u0131s\u0131 olarak nitelendiren El Nahlevi, konferansa kat\u0131lan t\u00fcm Suriyeli-Amerikal\u0131 uzmanlar\u0131n Suriye&#8217;nin gelece\u011fini in\u015fa etme konusunda ortak bir hayale sahip oldu\u011funu vurgulad\u0131.<\/p>\n<p style=\"text-align: justify;\">Yapay zekan\u0131n \u00f6nemi ve kullan\u0131m alanlar\u0131 hakk\u0131nda bilgi veren El Nahlevi, patlamam\u0131\u015f may\u0131nlar\u0131n tespiti ve temizlenmesindeki \u00f6nemli rol\u00fcn\u00fcn yan\u0131 s\u0131ra g\u00f6rme, duyma veya hareket etme yetene\u011fini kaybetmi\u015f insanlara yard\u0131m etmede de yapay zekadan faydalan\u0131labilece\u011fini s\u00f6yledi.<\/p>\n<p style=\"text-align: justify;\">Amerikan \u201cLegadata\u201d \u015firketinin CEO\u2019su Basil \u0130cce \u015funlar\u0131 s\u00f6yledi: \u2018\u2019Suriye, onlarca y\u0131l boyunca \u00e7\u00f6km\u00fc\u015f rejimin zulm\u00fc alt\u0131nda ya\u015fad\u0131 ve ger\u00e7ek bir ekonomik f\u0131rsat g\u00f6remedik. \u00c7\u00fcnk\u00fc o d\u00f6nemde \u00e7al\u0131\u015fmak isteyen herkes, ilkelerini ve ruhunu su\u00e7lu rejime satmak zorundayd\u0131.\u2019\u2019<\/p>\n<p style=\"text-align: justify;\">Suriye&#8217;nin teknoloji alan\u0131ndaki gelece\u011fi konusunda iyimser oldu\u011funu dile getiren \u0130cce, Suriyeli programc\u0131lar\u0131n \u00e7ok \u00e7al\u0131\u015fkan olduklar\u0131n\u0131, f\u0131rsat verildi\u011finde Suriye i\u00e7in niteliksel bir s\u0131\u00e7rama sa\u011flayacak muazzam ilerlemeler kaydedeceklerini ifade etti.<\/p>\n<p style=\"text-align: justify;\">\u0130cce ayr\u0131ca, Suriye&#8217;ye y\u00f6nelik uluslararas\u0131 yapt\u0131r\u0131mlar\u0131n kald\u0131r\u0131lmas\u0131 gerekti\u011fini, bunlar\u0131n ger\u00e7ek anlamda ilerleme sa\u011flanmas\u0131n\u0131n \u00f6n\u00fcndeki en b\u00fcy\u00fck engel oldu\u011funu vurgulad\u0131.<\/p>\n","protected":false},"excerpt":{"rendered":"<p>ANKARA (SANA) &#8211; \u00a0Silikon Vadisi&#8217;ndeki Suriye as\u0131ll\u0131 Amerikal\u0131 uzmanlar, yeni Suriye&#8217;nin gelece\u011fi ve onu yeniden in\u015fa etmede gen\u00e7lerin rol\u00fc konusunda iyimserliklerini dile getirerek, \u00fclkelerini ileriye ta\u015f\u0131mak i\u00e7in teknoloji sekt\u00f6r\u00fcnde gen\u00e7 beyinlere yat\u0131r\u0131m yapman\u0131n \u00f6nemini vurgulad\u0131lar. Ge\u00e7ti\u011fimiz g\u00fcnlerde \u015eam&#8217;da d\u00fczenlenen teknik bir konferansa kat\u0131l\u0131mlar\u0131 vesilesiyle Cumhurba\u015fkan\u0131 Say\u0131n Ahmed El \u015eara ile bir araya gelen uzmanlar, AA &hellip;<\/p>\n","protected":false},"author":41,"featured_media":315730,"comment_status":"closed","ping_status":"closed","sticky":false,"template":"","format":"standard","meta":{"footnotes":""},"categories":[458,589,459,17988],"tags":[43396],"class_list":["post-315729","post","type-post","status-publish","format-standard","has-post-thumbnail","","category-dunya1","category-haber-seridi","category-haberler-arap-uluslararasi-politika","category-son-haberler","tag-dunyanin-teknoloji-evinden-suriyeli-uzmanlar-ulkelerinin-gelecegi-ve-gencligin-buradaki-rolu-konusunda-iyimser"],"_links":{"self":[{"href":"https:\/\/archive.sana.sy\/tr\/index.php?rest_route=\/wp\/v2\/posts\/315729","targetHints":{"allow":["GET"]}}],"collection":[{"href":"https:\/\/archive.sana.sy\/tr\/index.php?rest_route=\/wp\/v2\/posts"}],"about":[{"href":"https:\/\/archive.sana.sy\/tr\/index.php?rest_route=\/wp\/v2\/types\/post"}],"author":[{"embeddable":true,"href":"https:\/\/archive.sana.sy\/tr\/index.php?rest_route=\/wp\/v2\/users\/41"}],"replies":[{"embeddable":true,"href":"https:\/\/archive.sana.sy\/tr\/index.php?rest_route=%2Fwp%2Fv2%2Fcomments&post=315729"}],"version-history":[{"count":1,"href":"https:\/\/archive.sana.sy\/tr\/index.php?rest_route=\/wp\/v2\/posts\/315729\/revisions"}],"predecessor-version":[{"id":315731,"href":"https:\/\/archive.sana.sy\/tr\/index.php?rest_route=\/wp\/v2\/posts\/315729\/revisions\/315731"}],"wp:featuredmedia":[{"embeddable":true,"href":"https:\/\/archive.sana.sy\/tr\/index.php?rest_route=\/wp\/v2\/media\/315730"}],"wp:attachment":[{"href":"https:\/\/archive.sana.sy\/tr\/index.php?rest_route=%2Fwp%2Fv2%2Fmedia&parent=315729"}],"wp:term":[{"taxonomy":"category","embeddable":true,"href":"https:\/\/archive.sana.sy\/tr\/index.php?rest_route=%2Fwp%2Fv2%2Fcategories&post=315729"},{"taxonomy":"post_tag","embeddable":true,"href":"https:\/\/archive.sana.sy\/tr\/index.php?rest_route=%2Fwp%2Fv2%2Ftags&post=315729"}],"curies":[{"name":"wp","href":"https:\/\/api.w.org\/{rel}","templated":true}]}}