{"id":31577,"date":"2015-05-01T17:17:54","date_gmt":"2015-05-01T14:17:54","guid":{"rendered":"http:\/\/www.sanasyria.org\/tr\/?p=31577"},"modified":"2015-05-01T17:17:54","modified_gmt":"2015-05-01T14:17:54","slug":"de-mistura-istisare-toplantilari-ile-ilgili-rapor-hazirliyor","status":"publish","type":"post","link":"https:\/\/archive.sana.sy\/tr\/?p=31577","title":{"rendered":"De Mistura \u0130sti\u015fare Toplant\u0131lar\u0131 \u0130le \u0130lgili Rapor Haz\u0131rl\u0131yor"},"content":{"rendered":"<p>CENEVRE \u2013 Cenevre\u2019deki BM Ofisi S\u00f6zc\u00fcs\u00fc Ahmet Fevzi, BM Genel Sekreterinin \u00d6zel Suriye Temsilcisi Stefan De Mistura\u2019n\u0131n, 4 May\u0131sta yapaca\u011f\u0131n\u0131 ilan etti\u011fi Suriye ilgili isti\u015fare g\u00f6r\u00fc\u015fmelerinin sonu\u00e7lar\u0131na ili\u015fkin 30 Haziran\u2019dan \u00f6nce BM Genel Sekreteri Ban Ki Moon\u2019a bir rapor sunaca\u011f\u0131n\u0131 a\u00e7\u0131klad\u0131.<\/p>\n<p>A\u00e7\u0131klamas\u0131nda Cenevre beyan\u0131 \u00fczerinde ula\u015f\u0131lan uzla\u015fman\u0131n \u00fcst\u00fcnden yakla\u015f\u0131k 3 y\u0131l ge\u00e7ti\u011fine i\u015faret eden Fevzi, De Mistura\u2019n\u0131n daha \u00f6ncesinden de konuyla ilgili BM Genel Sekreterine bir rapor sunmu\u015f olmas\u0131 gerekti\u011fine dikkat \u00e7ekti.<\/p>\n<p>Mistura\u2019n\u0131n 4 May\u0131s g\u00fcn\u00fc d\u00fczenlenecek isti\u015fare toplant\u0131s\u0131na uluslararas\u0131 toplumdan m\u00fcmk\u00fcn olan en geni\u015f kat\u0131l\u0131m\u0131n sa\u011flanmas\u0131 \u00e7a\u011fr\u0131s\u0131nda bulundu\u011funa de\u011finen Fevzi, toplant\u0131ya kat\u0131l\u0131m davetlerinin Suriye h\u00fck\u00fcmeti ve muhalefetinin yan\u0131 s\u0131ra uluslararas\u0131 alanda da b\u00fct\u00fcn taraflara g\u00f6nderilece\u011finin alt\u0131n\u0131 \u00e7izdi.<\/p>\n<p>F.B. &#8211; M.M.<\/p>\n","protected":false},"excerpt":{"rendered":"<p>CENEVRE \u2013 Cenevre\u2019deki BM Ofisi S\u00f6zc\u00fcs\u00fc Ahmet Fevzi, BM Genel Sekreterinin \u00d6zel Suriye Temsilcisi Stefan De Mistura\u2019n\u0131n, 4 May\u0131sta yapaca\u011f\u0131n\u0131 ilan etti\u011fi Suriye ilgili isti\u015fare g\u00f6r\u00fc\u015fmelerinin sonu\u00e7lar\u0131na ili\u015fkin 30 Haziran\u2019dan \u00f6nce BM Genel Sekreteri Ban Ki Moon\u2019a bir rapor sunaca\u011f\u0131n\u0131 a\u00e7\u0131klad\u0131. A\u00e7\u0131klamas\u0131nda Cenevre beyan\u0131 \u00fczerinde ula\u015f\u0131lan uzla\u015fman\u0131n \u00fcst\u00fcnden yakla\u015f\u0131k 3 y\u0131l ge\u00e7ti\u011fine i\u015faret eden Fevzi, &hellip;<\/p>\n","protected":false},"author":1,"featured_media":31578,"comment_status":"closed","ping_status":"closed","sticky":false,"template":"","format":"standard","meta":{"footnotes":""},"categories":[458,459,447],"tags":[14211],"class_list":["post-31577","post","type-post","status-publish","format-standard","has-post-thumbnail","","category-dunya1","category-haberler-arap-uluslararasi-politika","category-politika","tag-de-mistura-istisare-toplantilari-ile-ilgili-rapor-hazirliyor"],"_links":{"self":[{"href":"https:\/\/archive.sana.sy\/tr\/index.php?rest_route=\/wp\/v2\/posts\/31577","targetHints":{"allow":["GET"]}}],"collection":[{"href":"https:\/\/archive.sana.sy\/tr\/index.php?rest_route=\/wp\/v2\/posts"}],"about":[{"href":"https:\/\/archive.sana.sy\/tr\/index.php?rest_route=\/wp\/v2\/types\/post"}],"author":[{"embeddable":true,"href":"https:\/\/archive.sana.sy\/tr\/index.php?rest_route=\/wp\/v2\/users\/1"}],"replies":[{"embeddable":true,"href":"https:\/\/archive.sana.sy\/tr\/index.php?rest_route=%2Fwp%2Fv2%2Fcomments&post=31577"}],"version-history":[{"count":0,"href":"https:\/\/archive.sana.sy\/tr\/index.php?rest_route=\/wp\/v2\/posts\/31577\/revisions"}],"wp:featuredmedia":[{"embeddable":true,"href":"https:\/\/archive.sana.sy\/tr\/index.php?rest_route=\/wp\/v2\/media\/31578"}],"wp:attachment":[{"href":"https:\/\/archive.sana.sy\/tr\/index.php?rest_route=%2Fwp%2Fv2%2Fmedia&parent=31577"}],"wp:term":[{"taxonomy":"category","embeddable":true,"href":"https:\/\/archive.sana.sy\/tr\/index.php?rest_route=%2Fwp%2Fv2%2Fcategories&post=31577"},{"taxonomy":"post_tag","embeddable":true,"href":"https:\/\/archive.sana.sy\/tr\/index.php?rest_route=%2Fwp%2Fv2%2Ftags&post=31577"}],"curies":[{"name":"wp","href":"https:\/\/api.w.org\/{rel}","templated":true}]}}